{"id":7526,"date":"2021-08-22T13:57:27","date_gmt":"2021-08-22T11:57:27","guid":{"rendered":"https:\/\/www.kbv-middels.de\/WordPress\/?p=7526"},"modified":"2021-10-15T18:27:09","modified_gmt":"2021-10-15T16:27:09","slug":"fahrradtour-maenner-4","status":"publish","type":"post","link":"https:\/\/www.kbv-middels.de\/WordPress\/fahrradtour-maenner-4\/","title":{"rendered":"Fahrradtour M\u00e4nner 4"},"content":{"rendered":"\n<h5>Ein Bericht von Hinrich Janssen<\/h5>\n<p>Vor der Saison noch einmal ganz oben stehen.<\/p>\n\n\n\n<!--more-->\n\n\n\n<p style=\"text-align: justify;\">Das hat uns Andr\u00e9 Erdwiens vom KBV Dietrichsfeld in Holtriem auf einer Enercon Windanlage erm\u00f6glicht. Nach einem kurzen Stopp bei der Firma ATA von unserem Bo\u00dfelkollegen Renko Willms sind wir Richtung Schwittersum gefahren. Dort haben Traute und Jibbe Lindena vom KBV Schwittersum ihr Dorf und die Kirche Resterhafe vorgestellt. \u00dcber Fulkum ging es zur Familie Gerdes KBV Utgast und Inhaber des Hofcafes. \u00dcber Holtgast und Neugaude sind wir bei unserer Vereinswirtin Olga Janssen in der Alten Post gelandet und haben den Tag mit einer Schnitzelparade ausklingen lassen.<\/p>\n\n\n\n<figure class=\"wp-block-gallery columns-2 is-cropped wp-block-gallery-1 is-layout-flex wp-block-gallery-is-layout-flex\"><ul class=\"blocks-gallery-grid\"><li class=\"blocks-gallery-item\"><figure><img loading=\"lazy\" decoding=\"async\" width=\"800\" height=\"600\" src=\"https:\/\/www.kbv-middels.de\/WordPress\/wp-content\/uploads\/2021\/08\/IMG-20210814-WA0007-800x600.jpg\" alt=\"\" data-id=\"7527\" data-full-url=\"https:\/\/www.kbv-middels.de\/WordPress\/wp-content\/uploads\/2021\/08\/IMG-20210814-WA0007.jpg\" data-link=\"https:\/\/www.kbv-middels.de\/WordPress\/?attachment_id=7527\" class=\"wp-image-7527\" srcset=\"https:\/\/www.kbv-middels.de\/WordPress\/wp-content\/uploads\/2021\/08\/IMG-20210814-WA0007-800x600.jpg 800w, https:\/\/www.kbv-middels.de\/WordPress\/wp-content\/uploads\/2021\/08\/IMG-20210814-WA0007-300x225.jpg 300w, https:\/\/www.kbv-middels.de\/WordPress\/wp-content\/uploads\/2021\/08\/IMG-20210814-WA0007-768x576.jpg 768w, https:\/\/www.kbv-middels.de\/WordPress\/wp-content\/uploads\/2021\/08\/IMG-20210814-WA0007-1536x1152.jpg 1536w, https:\/\/www.kbv-middels.de\/WordPress\/wp-content\/uploads\/2021\/08\/IMG-20210814-WA0007.jpg 1600w\" sizes=\"auto, (max-width: 706px) 89vw, (max-width: 767px) 82vw, 740px\" \/><\/figure><\/li><li class=\"blocks-gallery-item\"><figure><img loading=\"lazy\" decoding=\"async\" width=\"800\" height=\"600\" src=\"https:\/\/www.kbv-middels.de\/WordPress\/wp-content\/uploads\/2021\/08\/IMG-20210814-WA0008-800x600.jpg\" alt=\"\" data-id=\"7528\" data-full-url=\"https:\/\/www.kbv-middels.de\/WordPress\/wp-content\/uploads\/2021\/08\/IMG-20210814-WA0008.jpg\" data-link=\"https:\/\/www.kbv-middels.de\/WordPress\/?attachment_id=7528\" class=\"wp-image-7528\" srcset=\"https:\/\/www.kbv-middels.de\/WordPress\/wp-content\/uploads\/2021\/08\/IMG-20210814-WA0008-800x600.jpg 800w, https:\/\/www.kbv-middels.de\/WordPress\/wp-content\/uploads\/2021\/08\/IMG-20210814-WA0008-300x225.jpg 300w, https:\/\/www.kbv-middels.de\/WordPress\/wp-content\/uploads\/2021\/08\/IMG-20210814-WA0008-768x576.jpg 768w, https:\/\/www.kbv-middels.de\/WordPress\/wp-content\/uploads\/2021\/08\/IMG-20210814-WA0008-1536x1152.jpg 1536w, https:\/\/www.kbv-middels.de\/WordPress\/wp-content\/uploads\/2021\/08\/IMG-20210814-WA0008.jpg 1600w\" sizes=\"auto, (max-width: 706px) 89vw, (max-width: 767px) 82vw, 740px\" \/><\/figure><\/li><\/ul><\/figure>\n","protected":false},"excerpt":{"rendered":"<p>Ein Bericht von Hinrich Janssen Vor der Saison noch einmal ganz oben stehen.<\/p>\n","protected":false},"author":1,"featured_media":4787,"comment_status":"closed","ping_status":"closed","sticky":false,"template":"","format":"standard","meta":{"_themeisle_gutenberg_block_has_review":false,"footnotes":""},"categories":[182],"tags":[],"class_list":["post-7526","post","type-post","status-publish","format-standard","has-post-thumbnail","hentry","category-ditdat-2021"],"publishpress_future_action":{"enabled":false,"date":"2026-09-08 12:26:43","action":"change-status","newStatus":"draft","terms":[],"taxonomy":"category","extraData":[]},"publishpress_future_workflow_manual_trigger":{"enabledWorkflows":[]},"_links":{"self":[{"href":"https:\/\/www.kbv-middels.de\/WordPress\/wp-json\/wp\/v2\/posts\/7526","targetHints":{"allow":["GET"]}}],"collection":[{"href":"https:\/\/www.kbv-middels.de\/WordPress\/wp-json\/wp\/v2\/posts"}],"about":[{"href":"https:\/\/www.kbv-middels.de\/WordPress\/wp-json\/wp\/v2\/types\/post"}],"author":[{"embeddable":true,"href":"https:\/\/www.kbv-middels.de\/WordPress\/wp-json\/wp\/v2\/users\/1"}],"replies":[{"embeddable":true,"href":"https:\/\/www.kbv-middels.de\/WordPress\/wp-json\/wp\/v2\/comments?post=7526"}],"version-history":[{"count":1,"href":"https:\/\/www.kbv-middels.de\/WordPress\/wp-json\/wp\/v2\/posts\/7526\/revisions"}],"predecessor-version":[{"id":7529,"href":"https:\/\/www.kbv-middels.de\/WordPress\/wp-json\/wp\/v2\/posts\/7526\/revisions\/7529"}],"wp:featuredmedia":[{"embeddable":true,"href":"https:\/\/www.kbv-middels.de\/WordPress\/wp-json\/wp\/v2\/media\/4787"}],"wp:attachment":[{"href":"https:\/\/www.kbv-middels.de\/WordPress\/wp-json\/wp\/v2\/media?parent=7526"}],"wp:term":[{"taxonomy":"category","embeddable":true,"href":"https:\/\/www.kbv-middels.de\/WordPress\/wp-json\/wp\/v2\/categories?post=7526"},{"taxonomy":"post_tag","embeddable":true,"href":"https:\/\/www.kbv-middels.de\/WordPress\/wp-json\/wp\/v2\/tags?post=7526"}],"curies":[{"name":"wp","href":"https:\/\/api.w.org\/{rel}","templated":true}]}}