{"id":7039,"date":"2021-03-13T17:03:15","date_gmt":"2021-03-13T16:03:15","guid":{"rendered":"https:\/\/www.kbv-middels.de\/WordPress\/?p=7039"},"modified":"2021-09-03T10:27:51","modified_gmt":"2021-09-03T08:27:51","slug":"info-zur-jugendarbeit","status":"publish","type":"post","link":"https:\/\/www.kbv-middels.de\/WordPress\/info-zur-jugendarbeit\/","title":{"rendered":"Info zur Jugendarbeit  +++Update+++"},"content":{"rendered":"\n<p>&nbsp;<\/p>\n<p><span style=\"color: #ff0000;\"><strong data-rich-text-format-boundary=\"true\">+++ Update 01.06.2021 +++<\/strong><\/span><\/p>\n<p>Es geht wieder los\u2026<\/p>\n<p>Seit dem 01.06.2021 sind wir wieder regelm\u00e4\u00dfig, also jeden Dienstag, f\u00fcr die Jugend da. Beginn ist um 16:45 Uhr auf dem Sportplatz Barger Weg. Ende der Trainingseinheit ist um ca.&nbsp; 18:00 Uhr.<\/p>\n<p>Wir wollen den Kids spielerisch das Weidebo\u00dfeln, Klootschie\u00dfen usw. vermitteln. Der Spa\u00df steht nat\u00fcrlich im Vordergrund. Hast auch du Lust? Dann komme doch einfach vorbei. Wir freuen uns \ud83d\ude42<\/p>\n\n\n\n<!--more-->\n\n\n\n<p class=\"has-vivid-red-color has-text-color wp-block-paragraph\"><strong>+++ Update +++<\/strong><\/p>\n\n\n\n<p class=\"wp-block-paragraph\">Aufgrund der angespannten Pandemielage, die auch im Nordwesten existiert, haben wir uns dazu entschlossen, die Jugendarbeit vorerst auszusetzen. Sicherlich ist das Ansteckungsrisiko im Freien als sehr gering zu bezeichnen, jedoch existiert keine 100%ige Sicherheit. Schmierinfektionen, die z.B. durch die Weitergabe des Wurfger\u00e4tes eintreten k\u00f6nnen, sowie die Nichteinhaltung von Mindestabst\u00e4nden, die auch mit Hilfe von Betreuer\/-in im Trainingsbetrieb nicht dauerhaft gew\u00e4hrleitet werden k\u00f6nnen, haben uns zu diesem Entschluss bewogen.<\/p>\n\n\n\n<p>Es sind schlie\u00dflich nicht nur die Kinder, die wir damit sch\u00fctzen wollen, sondern auch deren Familien, die in Teilen durchaus auch schon altersbedingt zur Risikogruppe geh\u00f6ren k\u00f6nnen. Die Verantwortung f\u00fcr die Kids ist eine Sache, aber eine Verantwortung f\u00fcr das Weitertragen von Infektionen indirekt zu haben, ist leider eine andere.<\/p>\n<p><span style=\"background-color: #ffff00;\">Corona macht leider auch vor den Middelser Ortsteilen keinen Halt!<\/span><\/p>\n<p>Wir bedauern diesen Schritt zutiefst, jedoch ist nach unserer Auffassung die jetzige Situation mit Inzidenzen von &gt;50+ durchaus besorgniserregend. Die Wissenschaft mahnt nicht zu Unrecht, so dass WIR uns zumindest daran orientieren sollten.<\/p>\n<p>Bleibt gesund \ud83d\ude42<\/p>\n<p>Weitere Infos folgen zu gegebener Zeit.<\/p>\n<p><span style=\"color: #ff0000;\"><strong>+++<\/strong><\/span><\/p>\n<p style=\"text-align: justify;\">Wie der Kreisverband Aurich mitgeteilt hat, ist die Jugendarbeit im Bo\u00dfelsport unter bestimmten Voraussetzungen wieder m\u00f6glich.<\/p>\n\n\n\n<p style=\"text-align: justify;\">Der Kreisverband hat am 12. M\u00e4rz dazu folgendes mitgeteilt:<\/p>\n<p style=\"text-align: justify;\"><em><strong>Corona-Verordnung <\/strong><b>\u00a7 2 Abs. 4 <\/b><strong>auf Bo\u00dfelsport anwendbar<br><\/strong><\/em><em><strong>Wie am 10.03. berichtet, hat der 1. Vorsitzende des KV Aurich eine Anfrage an den Kreis Aurich bez\u00fcglich <\/strong> <b>der Anwendung des \u00a7 2 Abs. 4 der Nieders. Corona Verordnung in der Fassung vom 06.03.2021 f\u00fcr den Bo\u00dfelsport<br><\/b><\/em><em><strong>Aus dem Schreiben geht hervor, dass auf den&nbsp; \u00f6ffentlichen Stra\u00dfen f\u00fcr die eine verkehrsbeh\u00f6rdlichen Genehmigung f\u00fcr die Aus\u00fcbung des Bo\u00dfelsport erteilt wurde der Bo\u00dfelsport gem\u00e4\u00df \u00a7 2 Absatz 4&nbsp; f\u00fcr die Vereine zul\u00e4ssig ist.<br><\/strong><\/em><em>F\u00fcr Jugendliche \u00fcber 14 Jahre und Erwachsene gilt weiterhin <strong>maximal 5 Personen aus bis zu 2 Haushalten<\/strong><\/em><\/p>\n<p style=\"text-align: justify;\">Gem\u00e4\u00df der o.g. Verordnung kann es somit wieder losgehen. <span style=\"color: #000000; background-color: #ffff00;\"><strong>Was bedeutet das f\u00fcr die Jugendmannschaften des KBV Middels. Nach R\u00fccksprache mit den Mannschaftsf\u00fchrern haben wir uns dazu entschlossen, die Jugendarbeit unmittelba<span style=\"background-color: #ffff00;\">r <span style=\"color: #ff0000;\">nach Ostern<\/span><\/span> wieder aufzunehmen. In drei Wochen <span style=\"color: #ff0000;\">geht\u00b4s<\/span> somit <span style=\"color: #ff0000;\">wieder los.<\/span><\/strong><\/span><span style=\"color: #000000;\"> Beginnen m\u00f6chten wir auf dem Sportplatz, wo die Kids sich an dem Schleuderball, das Weidebo\u00dfeln und Klootschie\u00dfen ausprobieren sollen. Die Einhaltung von Abst\u00e4nden, die Bildung von kleinen Gruppen usw.&nbsp; sind nach unserer Auffassung auf dem Sportplatz am besten gegeben. <\/span><\/p>\n<p style=\"text-align: justify;\">Warum erst in drei Wochen? Wir m\u00f6chten bei den Kids nicht eine Erwartungshaltung wecken, die wir evtl. aufgrund der Pandemielage nicht nachhaltig erf\u00fcllen k\u00f6nnen. Lieber mit Vorsicht und Bedacht wieder starten, statt \u00fcberst\u00fcrzt an die Sache gehen. Weitere Entt\u00e4uschungen f\u00fcr Kids gilt es zu vermeiden.&nbsp; Seit M\u00e4rz 2020 sind sie schon genug &#8222;bestraft&#8220; worden.<\/p>\n<p style=\"text-align: justify;\">Weitere Infos werden zur gegebenen Zeit \u00fcber die Mannschaftsf\u00fchrer in den WhatsApp-Gruppen verteilt.<\/p>\n<p style=\"text-align: justify;\">&nbsp;<\/p>\n","protected":false},"excerpt":{"rendered":"<p>&nbsp; +++ Update 01.06.2021 +++ Es geht wieder los\u2026 Seit dem 01.06.2021 sind wir wieder regelm\u00e4\u00dfig, also jeden Dienstag, f\u00fcr die Jugend da. Beginn ist um 16:45 Uhr auf dem Sportplatz Barger Weg. Ende der Trainingseinheit ist um ca.&nbsp; 18:00 Uhr. Wir wollen den Kids spielerisch das Weidebo\u00dfeln, Klootschie\u00dfen usw. vermitteln. Der Spa\u00df steht nat\u00fcrlich &hellip; <\/p>\n<p class=\"link-more\"><a href=\"https:\/\/www.kbv-middels.de\/WordPress\/info-zur-jugendarbeit\/\" class=\"more-link\"><span class=\"screen-reader-text\">\u201eInfo zur Jugendarbeit  +++Update+++\u201c <\/span>weiterlesen<\/a><\/p>\n","protected":false},"author":1,"featured_media":7044,"comment_status":"closed","ping_status":"closed","sticky":false,"template":"","format":"standard","meta":{"_themeisle_gutenberg_block_has_review":false,"footnotes":""},"categories":[182],"tags":[180,165,69],"class_list":["post-7039","post","type-post","status-publish","format-standard","has-post-thumbnail","hentry","category-ditdat-2021","tag-180","tag-corona","tag-jugend"],"publishpress_future_action":{"enabled":false,"date":"2026-09-08 20:54:38","action":"change-status","newStatus":"draft","terms":[],"taxonomy":"category","extraData":[]},"publishpress_future_workflow_manual_trigger":{"enabledWorkflows":[]},"_links":{"self":[{"href":"https:\/\/www.kbv-middels.de\/WordPress\/wp-json\/wp\/v2\/posts\/7039","targetHints":{"allow":["GET"]}}],"collection":[{"href":"https:\/\/www.kbv-middels.de\/WordPress\/wp-json\/wp\/v2\/posts"}],"about":[{"href":"https:\/\/www.kbv-middels.de\/WordPress\/wp-json\/wp\/v2\/types\/post"}],"author":[{"embeddable":true,"href":"https:\/\/www.kbv-middels.de\/WordPress\/wp-json\/wp\/v2\/users\/1"}],"replies":[{"embeddable":true,"href":"https:\/\/www.kbv-middels.de\/WordPress\/wp-json\/wp\/v2\/comments?post=7039"}],"version-history":[{"count":16,"href":"https:\/\/www.kbv-middels.de\/WordPress\/wp-json\/wp\/v2\/posts\/7039\/revisions"}],"predecessor-version":[{"id":7587,"href":"https:\/\/www.kbv-middels.de\/WordPress\/wp-json\/wp\/v2\/posts\/7039\/revisions\/7587"}],"wp:featuredmedia":[{"embeddable":true,"href":"https:\/\/www.kbv-middels.de\/WordPress\/wp-json\/wp\/v2\/media\/7044"}],"wp:attachment":[{"href":"https:\/\/www.kbv-middels.de\/WordPress\/wp-json\/wp\/v2\/media?parent=7039"}],"wp:term":[{"taxonomy":"category","embeddable":true,"href":"https:\/\/www.kbv-middels.de\/WordPress\/wp-json\/wp\/v2\/categories?post=7039"},{"taxonomy":"post_tag","embeddable":true,"href":"https:\/\/www.kbv-middels.de\/WordPress\/wp-json\/wp\/v2\/tags?post=7039"}],"curies":[{"name":"wp","href":"https:\/\/api.w.org\/{rel}","templated":true}]}}