{"id":12087,"date":"2023-10-14T21:17:23","date_gmt":"2023-10-14T19:17:23","guid":{"rendered":"https:\/\/www.kbv-middels.de\/WordPress\/?p=12087"},"modified":"2023-10-23T20:53:56","modified_gmt":"2023-10-23T18:53:56","slug":"instagram-kbv-middels","status":"publish","type":"post","link":"https:\/\/www.kbv-middels.de\/WordPress\/instagram-kbv-middels\/","title":{"rendered":"Instagram -KBV Middels-"},"content":{"rendered":"\n<p>Wir weisen darauf hin, dass die Inhalte von Instagram\u00a0 leicht zeitversetzt auf dieser Website erscheinen.<\/p>\n<div class=\"zoom-instagram feed-12086 layout-grid columns-4 with-lightbox spacing-10 perpage-3\"><header class=\"zoom-instagram-widget__header\"><div class=\"zoom-instagram-widget__header-column-right\"><h5 class=\"zoom-instagram-widget__header-name\">KBV Middels<\/h5><\/div><\/header><div class=\"zoom-instagram-widget__items-wrapper\"><ul class=\"zoom-instagram-widget__items zoom-instagram-widget__items--no-js layout-grid\" data-layout=\"grid\" data-lightbox=\"1\" data-spacing=\"10\" data-perpage=\"3\"><li class=\"zoom-instagram-widget__item media-icons-normal media-icons-hover\" data-media-type=\"carousel_album\"><div class=\"zoom-instagram-widget__item-inner-wrap\"><img class=\"zoom-instagram-link zoom-instagram-link-new\"  data-src=\"https:\/\/www.kbv-middels.de\/WordPress\/wp-content\/uploads\/2017\/07\/791942688_17980198782079880_6582028186517047600_n-320x320.jpg\" data-mfp-src=\"18127281805813800\" width=\"320\" height=\"320\" alt=\"\ud83d\udca6 Dreck, Fun &amp; Teamgeist \u2013 unsere Jugend beim VullWatMannsLoop! \ud83d\udcaa\ud83c\udffc\n\nW\u00e4hrend der Bo\u00dfelsaison entstand bei unserer weiblichen B-Jugend die spontane Idee, beim VullWatMannsLoop in Logabirum mitzumachen. Unsere m\u00e4nnliche B-Jugend lie\u00df sich das nicht zweimal sagen und war direkt mit dabei! \ud83d\ude04 Auch die Betreuerinnen Ina und Monja wurden kurzerhand mit ins Boot geholt.\n\nAm 30. August war es dann soweit: Ab in den Matsch! \ud83d\udca6\ud83c\udfc3\ud83c\udffc\u200d\u2640\ufe0f\ud83c\udfc3\ud83c\udffc\u200d\u2642\ufe0f Jede Menge Schlamm, Hindernisse und k\u00f6rperliche Anstrengung sorgten vor allem f\u00fcr eins \u2013 richtig viel Spa\u00df!\ud83e\udd0e\n\nAnschlie\u00dfend ging es zur wohlverdienten St\u00e4rkung mit reichlich Partypizza ins Vereinsheim. \ud83c\udf55\ud83d\ude0b\n\nAm Ende waren sich alle einig: N\u00e4chstes Jahr sind wir definitiv wieder am Start! \ud83d\ude4c\ud83c\udffc Und wer wei\u00df , vielleicht entwickelt sich daraus ja bald eine feste Vereinsveranstaltung. \ud83d\ude04\ud83d\udd34\u26ab\ufe0f\n\n#KBVMiddels #VullWatMannsLoop #Jugend #Teamgeist\" \/><div class=\"hover-layout zoom-instagram-widget__overlay zoom-instagram-widget__black \"><svg class=\"svg-icon\" shape-rendering=\"geometricPrecision\"><use xlink:href=\"https:\/\/www.kbv-middels.de\/WordPress\/wp-content\/plugins\/instagram-widget-by-wpzoom\/dist\/images\/frontend\/wpzoom-instagram-icons.svg#carousel_album\"><\/use><\/svg><div class=\"zoom-instagram-icon-wrap\"><a class=\"zoom-svg-instagram-stroke\" href=\"https:\/\/www.instagram.com\/p\/Dct3FLtDS4b\/\" rel=\"noopener nofollow\" target=\"_blank\" title=\"\ud83d\udca6 Dreck, Fun &amp; Teamgeist \u2013 unsere Jugend beim VullWatMannsLoop! \ud83d\udcaa\ud83c\udffc\n\nW\u00e4hrend der Bo\u00dfelsaison entstand bei unserer weiblichen B-Jugend die spontane Idee, beim VullWatMannsLoop in Logabirum mitzumachen. Unsere m\u00e4nnliche B-Jugend lie\u00df sich das nicht zweimal sagen und war direkt mit dabei! \ud83d\ude04 Auch die Betreuerinnen Ina und Monja wurden kurzerhand mit ins Boot geholt.\n\nAm 30. August war es dann soweit: Ab in den Matsch! \ud83d\udca6\ud83c\udfc3\ud83c\udffc\u200d\u2640\ufe0f\ud83c\udfc3\ud83c\udffc\u200d\u2642\ufe0f Jede Menge Schlamm, Hindernisse und k\u00f6rperliche Anstrengung sorgten vor allem f\u00fcr eins \u2013 richtig viel Spa\u00df!\ud83e\udd0e\n\nAnschlie\u00dfend ging es zur wohlverdienten St\u00e4rkung mit reichlich Partypizza ins Vereinsheim. \ud83c\udf55\ud83d\ude0b\n\nAm Ende waren sich alle einig: N\u00e4chstes Jahr sind wir definitiv wieder am Start! \ud83d\ude4c\ud83c\udffc Und wer wei\u00df , vielleicht entwickelt sich daraus ja bald eine feste Vereinsveranstaltung. \ud83d\ude04\ud83d\udd34\u26ab\ufe0f\n\n#KBVMiddels #VullWatMannsLoop #Jugend #Teamgeist\"><\/a><\/div><a class=\"zoom-instagram-link\" data-src=\"https:\/\/www.kbv-middels.de\/WordPress\/wp-content\/uploads\/2017\/07\/791942688_17980198782079880_6582028186517047600_n-320x320.jpg\" data-mfp-src=\"18127281805813800\" href=\"https:\/\/www.instagram.com\/p\/Dct3FLtDS4b\/\" target=\"_blank\" rel=\"noopener nofollow\" title=\"\ud83d\udca6 Dreck, Fun &amp; Teamgeist \u2013 unsere Jugend beim VullWatMannsLoop! \ud83d\udcaa\ud83c\udffc\n\nW\u00e4hrend der Bo\u00dfelsaison entstand bei unserer weiblichen B-Jugend die spontane Idee, beim VullWatMannsLoop in Logabirum mitzumachen. Unsere m\u00e4nnliche B-Jugend lie\u00df sich das nicht zweimal sagen und war direkt mit dabei! \ud83d\ude04 Auch die Betreuerinnen Ina und Monja wurden kurzerhand mit ins Boot geholt.\n\nAm 30. August war es dann soweit: Ab in den Matsch! \ud83d\udca6\ud83c\udfc3\ud83c\udffc\u200d\u2640\ufe0f\ud83c\udfc3\ud83c\udffc\u200d\u2642\ufe0f Jede Menge Schlamm, Hindernisse und k\u00f6rperliche Anstrengung sorgten vor allem f\u00fcr eins \u2013 richtig viel Spa\u00df!\ud83e\udd0e\n\nAnschlie\u00dfend ging es zur wohlverdienten St\u00e4rkung mit reichlich Partypizza ins Vereinsheim. \ud83c\udf55\ud83d\ude0b\n\nAm Ende waren sich alle einig: N\u00e4chstes Jahr sind wir definitiv wieder am Start! \ud83d\ude4c\ud83c\udffc Und wer wei\u00df , vielleicht entwickelt sich daraus ja bald eine feste Vereinsveranstaltung. \ud83d\ude04\ud83d\udd34\u26ab\ufe0f\n\n#KBVMiddels #VullWatMannsLoop #Jugend #Teamgeist\"><\/a><\/div><\/div><\/li><li class=\"zoom-instagram-widget__item media-icons-normal media-icons-hover\" data-media-type=\"carousel_album\"><div class=\"zoom-instagram-widget__item-inner-wrap\"><img class=\"zoom-instagram-link zoom-instagram-link-new\"  data-src=\"https:\/\/www.kbv-middels.de\/WordPress\/wp-content\/uploads\/2014\/05\/781459608_17979071880079880_8811571910032333568_n-240x320.jpg\" data-mfp-src=\"18101126389977587\" width=\"240\" height=\"320\" alt=\"\ud83c\udf3f Pollerfest 2026 beim KBV Middels \ud83c\udf3f\n\nPollerfest \u2013 dieses Jahr einfach mal ohne Poller! \ud83d\ude04\nWetterbedingt mussten wir unser heutiges Pollerfest kurzerhand verlegen. Umso mehr freuen wir uns, dass Dirk Focken und Dortje Tammen sich bereit erkl\u00e4rt haben, uns bei sich zu Hause willkommen zu hei\u00dfen. Vielen Dank daf\u00fcr! \ud83e\udef6\ud83c\udffc\n\nBei toller Beteiligung haben wir gemeinsam einen richtig sch\u00f6nen und geselligen Tag verbracht. F\u00fcr Gro\u00df und Klein war einiges dabei: H\u00fcpfburg, Stockbrot f\u00fcr die Kinder, Foodtruck sowie Kaffee und selbstgebackener Kuchen. \u2615\ufe0f\ud83c\udf70\ud83c\udf2d\n\nEin besonderer Programmpunkt waren unsere zahlreichen Ehrungen f\u00fcr langj\u00e4hrige Mitgliedschaften im Friesischen Klootschie\u00dferverband e.V. \ud83c\udfc5\n\nF\u00fcr 25 Jahre wurden Marc Decker, Anita Loy und Lars Janssen geehrt.\nF\u00fcr 40 Jahre durften sich Marko Zimmermann und Gerold Oltmanns \u00fcber eine Ehrung freuen.\nUnd f\u00fcr beeindruckende 60 Jahre Mitgliedschaft wurde Wilhelm Gossel ausgezeichnet. \ud83d\udc4f\ud83c\udffc\n\nWir freuen uns sehr \u00fcber diese langj\u00e4hrige Treue und Verbundenheit und w\u00fcnschen allen Geehrten weiterhin alles Gute! \u2764\ufe0f\n\nEin rundum gelungenes Pollerfest \u2013 auch ganz ohne Poller. \ud83d\ude09\nDanke an alle, die dabei waren und diesen Tag so sch\u00f6n gemacht haben!\u26ab\ufe0f\ud83d\udd34\u263a\ufe0f\" \/><div class=\"hover-layout zoom-instagram-widget__overlay zoom-instagram-widget__black \"><svg class=\"svg-icon\" shape-rendering=\"geometricPrecision\"><use xlink:href=\"https:\/\/www.kbv-middels.de\/WordPress\/wp-content\/plugins\/instagram-widget-by-wpzoom\/dist\/images\/frontend\/wpzoom-instagram-icons.svg#carousel_album\"><\/use><\/svg><div class=\"zoom-instagram-icon-wrap\"><a class=\"zoom-svg-instagram-stroke\" href=\"https:\/\/www.instagram.com\/p\/DcY2-IYjZP2\/\" rel=\"noopener nofollow\" target=\"_blank\" title=\"\ud83c\udf3f Pollerfest 2026 beim KBV Middels \ud83c\udf3f\n\nPollerfest \u2013 dieses Jahr einfach mal ohne Poller! \ud83d\ude04\nWetterbedingt mussten wir unser heutiges Pollerfest kurzerhand verlegen. Umso mehr freuen wir uns, dass Dirk Focken und Dortje Tammen sich bereit erkl\u00e4rt haben, uns bei sich zu Hause willkommen zu hei\u00dfen. Vielen Dank daf\u00fcr! \ud83e\udef6\ud83c\udffc\n\nBei toller Beteiligung haben wir gemeinsam einen richtig sch\u00f6nen und geselligen Tag verbracht. F\u00fcr Gro\u00df und Klein war einiges dabei: H\u00fcpfburg, Stockbrot f\u00fcr die Kinder, Foodtruck sowie Kaffee und selbstgebackener Kuchen. \u2615\ufe0f\ud83c\udf70\ud83c\udf2d\n\nEin besonderer Programmpunkt waren unsere zahlreichen Ehrungen f\u00fcr langj\u00e4hrige Mitgliedschaften im Friesischen Klootschie\u00dferverband e.V. \ud83c\udfc5\n\nF\u00fcr 25 Jahre wurden Marc Decker, Anita Loy und Lars Janssen geehrt.\nF\u00fcr 40 Jahre durften sich Marko Zimmermann und Gerold Oltmanns \u00fcber eine Ehrung freuen.\nUnd f\u00fcr beeindruckende 60 Jahre Mitgliedschaft wurde Wilhelm Gossel ausgezeichnet. \ud83d\udc4f\ud83c\udffc\n\nWir freuen uns sehr \u00fcber diese langj\u00e4hrige Treue und Verbundenheit und w\u00fcnschen allen Geehrten weiterhin alles Gute! \u2764\ufe0f\n\nEin rundum gelungenes Pollerfest \u2013 auch ganz ohne Poller. \ud83d\ude09\nDanke an alle, die dabei waren und diesen Tag so sch\u00f6n gemacht haben!\u26ab\ufe0f\ud83d\udd34\u263a\ufe0f\"><\/a><\/div><a class=\"zoom-instagram-link\" data-src=\"https:\/\/www.kbv-middels.de\/WordPress\/wp-content\/uploads\/2014\/05\/781459608_17979071880079880_8811571910032333568_n-240x320.jpg\" data-mfp-src=\"18101126389977587\" href=\"https:\/\/www.instagram.com\/p\/DcY2-IYjZP2\/\" target=\"_blank\" rel=\"noopener nofollow\" title=\"\ud83c\udf3f Pollerfest 2026 beim KBV Middels \ud83c\udf3f\n\nPollerfest \u2013 dieses Jahr einfach mal ohne Poller! \ud83d\ude04\nWetterbedingt mussten wir unser heutiges Pollerfest kurzerhand verlegen. Umso mehr freuen wir uns, dass Dirk Focken und Dortje Tammen sich bereit erkl\u00e4rt haben, uns bei sich zu Hause willkommen zu hei\u00dfen. Vielen Dank daf\u00fcr! \ud83e\udef6\ud83c\udffc\n\nBei toller Beteiligung haben wir gemeinsam einen richtig sch\u00f6nen und geselligen Tag verbracht. F\u00fcr Gro\u00df und Klein war einiges dabei: H\u00fcpfburg, Stockbrot f\u00fcr die Kinder, Foodtruck sowie Kaffee und selbstgebackener Kuchen. \u2615\ufe0f\ud83c\udf70\ud83c\udf2d\n\nEin besonderer Programmpunkt waren unsere zahlreichen Ehrungen f\u00fcr langj\u00e4hrige Mitgliedschaften im Friesischen Klootschie\u00dferverband e.V. \ud83c\udfc5\n\nF\u00fcr 25 Jahre wurden Marc Decker, Anita Loy und Lars Janssen geehrt.\nF\u00fcr 40 Jahre durften sich Marko Zimmermann und Gerold Oltmanns \u00fcber eine Ehrung freuen.\nUnd f\u00fcr beeindruckende 60 Jahre Mitgliedschaft wurde Wilhelm Gossel ausgezeichnet. \ud83d\udc4f\ud83c\udffc\n\nWir freuen uns sehr \u00fcber diese langj\u00e4hrige Treue und Verbundenheit und w\u00fcnschen allen Geehrten weiterhin alles Gute! \u2764\ufe0f\n\nEin rundum gelungenes Pollerfest \u2013 auch ganz ohne Poller. \ud83d\ude09\nDanke an alle, die dabei waren und diesen Tag so sch\u00f6n gemacht haben!\u26ab\ufe0f\ud83d\udd34\u263a\ufe0f\"><\/a><\/div><\/div><\/li><li class=\"zoom-instagram-widget__item media-icons-normal media-icons-hover\" data-media-type=\"image\"><div class=\"zoom-instagram-widget__item-inner-wrap\"><img class=\"zoom-instagram-link zoom-instagram-link-new\"  data-src=\"https:\/\/www.kbv-middels.de\/WordPress\/wp-content\/uploads\/2019\/04\/780551055_17978542038079880_7454352874814513539_n-256x320.jpg\" data-mfp-src=\"18035291756656805\" width=\"256\" height=\"320\" alt=\"18.08.2026\nFreundschaftskampf Middels : Spekendorf \u26ab\ufe0f\ud83d\udd34\n\nSport verbindet, Tradition verbindet noch mehr! \nBeim Freundschaftskampf Middels vs. Spekendorf standen nicht nur die W\u00fcrfe im Mittelpunkt, sondern vor allem Geselligkeit, gute Laune und gelebte Nachbarschaftspflege. \ud83d\ude0a\nEin kleiner Schauer zwischendurch? Kein Problem, die Stimmung blieb bestens und der Spa\u00df kam definitiv nicht zu kurz.\nDanke f\u00fcr den sch\u00f6nen gemeinsamen Abend! \ud83c\udf40\n\nL\u00fcch up un fleu herut \u26ab\ud83d\udd34\" \/><div class=\"hover-layout zoom-instagram-widget__overlay zoom-instagram-widget__black \"><div class=\"zoom-instagram-icon-wrap\"><a class=\"zoom-svg-instagram-stroke\" href=\"https:\/\/www.instagram.com\/p\/DcO38CpN9ac\/\" rel=\"noopener nofollow\" target=\"_blank\" title=\"18.08.2026\nFreundschaftskampf Middels : Spekendorf \u26ab\ufe0f\ud83d\udd34\n\nSport verbindet, Tradition verbindet noch mehr! \nBeim Freundschaftskampf Middels vs. Spekendorf standen nicht nur die W\u00fcrfe im Mittelpunkt, sondern vor allem Geselligkeit, gute Laune und gelebte Nachbarschaftspflege. \ud83d\ude0a\nEin kleiner Schauer zwischendurch? Kein Problem, die Stimmung blieb bestens und der Spa\u00df kam definitiv nicht zu kurz.\nDanke f\u00fcr den sch\u00f6nen gemeinsamen Abend! \ud83c\udf40\n\nL\u00fcch up un fleu herut \u26ab\ud83d\udd34\"><\/a><\/div><a class=\"zoom-instagram-link\" data-src=\"https:\/\/www.kbv-middels.de\/WordPress\/wp-content\/uploads\/2019\/04\/780551055_17978542038079880_7454352874814513539_n-256x320.jpg\" data-mfp-src=\"18035291756656805\" href=\"https:\/\/www.instagram.com\/p\/DcO38CpN9ac\/\" target=\"_blank\" rel=\"noopener nofollow\" title=\"18.08.2026\nFreundschaftskampf Middels : Spekendorf \u26ab\ufe0f\ud83d\udd34\n\nSport verbindet, Tradition verbindet noch mehr! \nBeim Freundschaftskampf Middels vs. Spekendorf standen nicht nur die W\u00fcrfe im Mittelpunkt, sondern vor allem Geselligkeit, gute Laune und gelebte Nachbarschaftspflege. \ud83d\ude0a\nEin kleiner Schauer zwischendurch? Kein Problem, die Stimmung blieb bestens und der Spa\u00df kam definitiv nicht zu kurz.\nDanke f\u00fcr den sch\u00f6nen gemeinsamen Abend! \ud83c\udf40\n\nL\u00fcch up un fleu herut \u26ab\ud83d\udd34\"><\/a><\/div><\/div><\/li><li class=\"zoom-instagram-widget__item media-icons-normal media-icons-hover\" data-media-type=\"carousel_album\"><div class=\"zoom-instagram-widget__item-inner-wrap\"><img class=\"zoom-instagram-link zoom-instagram-link-new\"  data-src=\"https:\/\/www.kbv-middels.de\/WordPress\/wp-content\/uploads\/2014\/05\/772586207_17977109988079880_4387326852958274619_n-240x320.jpg\" data-mfp-src=\"18064930766725017\" width=\"240\" height=\"320\" alt=\"10.08.2026\nWas f\u00fcr ein Bambini-Training! \nAcht kleine Werferinnen &amp; Werfer, bestes Wetter und richtig gute Stimmung! \ud83d\udc83\ud83c\udffc \u2600\ufe0f \nDazu gab\u2019s heute noch die neuen KBV Middels T-Shirts.\nLaufen, werfen, lachen und Spa\u00df haben. \nGenau so soll\u2019s sein!\ud83d\ude0a\n\nL\u00fcch up un fleu herut! \ud83d\udd34\u26ab\" \/><div class=\"hover-layout zoom-instagram-widget__overlay zoom-instagram-widget__black \"><svg class=\"svg-icon\" shape-rendering=\"geometricPrecision\"><use xlink:href=\"https:\/\/www.kbv-middels.de\/WordPress\/wp-content\/plugins\/instagram-widget-by-wpzoom\/dist\/images\/frontend\/wpzoom-instagram-icons.svg#carousel_album\"><\/use><\/svg><div class=\"zoom-instagram-icon-wrap\"><a class=\"zoom-svg-instagram-stroke\" href=\"https:\/\/www.instagram.com\/p\/Db3pKxUDWCF\/\" rel=\"noopener nofollow\" target=\"_blank\" title=\"10.08.2026\nWas f\u00fcr ein Bambini-Training! \nAcht kleine Werferinnen &amp; Werfer, bestes Wetter und richtig gute Stimmung! \ud83d\udc83\ud83c\udffc \u2600\ufe0f \nDazu gab\u2019s heute noch die neuen KBV Middels T-Shirts.\nLaufen, werfen, lachen und Spa\u00df haben. \nGenau so soll\u2019s sein!\ud83d\ude0a\n\nL\u00fcch up un fleu herut! \ud83d\udd34\u26ab\"><\/a><\/div><a class=\"zoom-instagram-link\" data-src=\"https:\/\/www.kbv-middels.de\/WordPress\/wp-content\/uploads\/2014\/05\/772586207_17977109988079880_4387326852958274619_n-240x320.jpg\" data-mfp-src=\"18064930766725017\" href=\"https:\/\/www.instagram.com\/p\/Db3pKxUDWCF\/\" target=\"_blank\" rel=\"noopener nofollow\" title=\"10.08.2026\nWas f\u00fcr ein Bambini-Training! \nAcht kleine Werferinnen &amp; Werfer, bestes Wetter und richtig gute Stimmung! \ud83d\udc83\ud83c\udffc \u2600\ufe0f \nDazu gab\u2019s heute noch die neuen KBV Middels T-Shirts.\nLaufen, werfen, lachen und Spa\u00df haben. \nGenau so soll\u2019s sein!\ud83d\ude0a\n\nL\u00fcch up un fleu herut! \ud83d\udd34\u26ab\"><\/a><\/div><\/div><\/li><li class=\"zoom-instagram-widget__item media-icons-normal media-icons-hover\" data-media-type=\"image\"><div class=\"zoom-instagram-widget__item-inner-wrap\"><img class=\"zoom-instagram-link zoom-instagram-link-new\"  data-src=\"https:\/\/www.kbv-middels.de\/WordPress\/wp-content\/uploads\/2023\/05\/746429360_17973238302079880_4179685015203375758_n-320x320.jpg\" data-mfp-src=\"18273478936293840\" width=\"320\" height=\"320\" alt=\"Du m\u00f6chtest den Bosselsport kennenlernen, Teil einer tollen Gemeinschaft werden oder einfach mal unverbindlich reinschnuppern? Dann bist du bei uns genau richtig! \ud83d\udcaa\u26ab\ufe0f\ud83d\udd34\n\n\ud83d\udce9 Meld dich gern per Nachricht f\u00fcr die Trainingstermine und komm einfach zum Training vorbei.\n\nWir freuen uns auf viele neue Gesichter! \u2764\ufe0f\ud83d\udda4\ud83e\udd0d\" \/><div class=\"hover-layout zoom-instagram-widget__overlay zoom-instagram-widget__black \"><div class=\"zoom-instagram-icon-wrap\"><a class=\"zoom-svg-instagram-stroke\" href=\"https:\/\/www.instagram.com\/p\/Da0CeZEt_WK\/\" rel=\"noopener nofollow\" target=\"_blank\" title=\"Du m\u00f6chtest den Bosselsport kennenlernen, Teil einer tollen Gemeinschaft werden oder einfach mal unverbindlich reinschnuppern? Dann bist du bei uns genau richtig! \ud83d\udcaa\u26ab\ufe0f\ud83d\udd34\n\n\ud83d\udce9 Meld dich gern per Nachricht f\u00fcr die Trainingstermine und komm einfach zum Training vorbei.\n\nWir freuen uns auf viele neue Gesichter! \u2764\ufe0f\ud83d\udda4\ud83e\udd0d\"><\/a><\/div><a class=\"zoom-instagram-link\" data-src=\"https:\/\/www.kbv-middels.de\/WordPress\/wp-content\/uploads\/2023\/05\/746429360_17973238302079880_4179685015203375758_n-320x320.jpg\" data-mfp-src=\"18273478936293840\" href=\"https:\/\/www.instagram.com\/p\/Da0CeZEt_WK\/\" target=\"_blank\" rel=\"noopener nofollow\" title=\"Du m\u00f6chtest den Bosselsport kennenlernen, Teil einer tollen Gemeinschaft werden oder einfach mal unverbindlich reinschnuppern? Dann bist du bei uns genau richtig! \ud83d\udcaa\u26ab\ufe0f\ud83d\udd34\n\n\ud83d\udce9 Meld dich gern per Nachricht f\u00fcr die Trainingstermine und komm einfach zum Training vorbei.\n\nWir freuen uns auf viele neue Gesichter! \u2764\ufe0f\ud83d\udda4\ud83e\udd0d\"><\/a><\/div><\/div><\/li><li class=\"zoom-instagram-widget__item media-icons-normal media-icons-hover\" data-media-type=\"video\"><div class=\"zoom-instagram-widget__item-inner-wrap\"><img class=\"zoom-instagram-link zoom-instagram-link-new\"  data-src=\"https:\/\/www.kbv-middels.de\/WordPress\/wp-content\/uploads\/2018\/08\/746589496_2022992041643887_6215300616452774237_n-180x320.jpg\" data-mfp-src=\"18429381541135263\" width=\"180\" height=\"320\" alt=\"\u2600\ufe0f Trainingsbeginn unserer D-Jugend-M\u00e4dels! \u26ab\ufe0f\ud83d\udd34\n\nBei bestem Wetter sind unsere M\u00e4dels wieder ins Training gestartet. \nMit jeder Menge Spa\u00df, Ehrgeiz und Motivation ging es bereits zum zweiten Mal auf die breite Hauptstra\u00dfe. \u263a\ufe0f\nAlle haben sich alle richtig gut geschlagen \u2013 weiter so, M\u00e4dels! Zum Abschluss gab es S\u00fc\u00dfigkeiten und k\u00fchle Getr\u00e4nke \ud83e\udd64 \n\nWir freuen uns auf eine tolle Saison!\ud83d\udd34\u26ab\ufe0f #kbvmiddels\" \/><div class=\"hover-layout zoom-instagram-widget__overlay zoom-instagram-widget__black \"><svg class=\"svg-icon\" shape-rendering=\"geometricPrecision\"><use xlink:href=\"https:\/\/www.kbv-middels.de\/WordPress\/wp-content\/plugins\/instagram-widget-by-wpzoom\/dist\/images\/frontend\/wpzoom-instagram-icons.svg#video\"><\/use><\/svg><div class=\"zoom-instagram-icon-wrap\"><a class=\"zoom-svg-instagram-stroke\" href=\"https:\/\/www.instagram.com\/reel\/Daz7PH7t02H\/\" rel=\"noopener nofollow\" target=\"_blank\" title=\"\u2600\ufe0f Trainingsbeginn unserer D-Jugend-M\u00e4dels! \u26ab\ufe0f\ud83d\udd34\n\nBei bestem Wetter sind unsere M\u00e4dels wieder ins Training gestartet. \nMit jeder Menge Spa\u00df, Ehrgeiz und Motivation ging es bereits zum zweiten Mal auf die breite Hauptstra\u00dfe. \u263a\ufe0f\nAlle haben sich alle richtig gut geschlagen \u2013 weiter so, M\u00e4dels! Zum Abschluss gab es S\u00fc\u00dfigkeiten und k\u00fchle Getr\u00e4nke \ud83e\udd64 \n\nWir freuen uns auf eine tolle Saison!\ud83d\udd34\u26ab\ufe0f #kbvmiddels\"><\/a><\/div><a class=\"zoom-instagram-link\" data-src=\"https:\/\/www.kbv-middels.de\/WordPress\/wp-content\/uploads\/2018\/08\/746589496_2022992041643887_6215300616452774237_n-180x320.jpg\" data-mfp-src=\"18429381541135263\" href=\"https:\/\/www.instagram.com\/reel\/Daz7PH7t02H\/\" target=\"_blank\" rel=\"noopener nofollow\" title=\"\u2600\ufe0f Trainingsbeginn unserer D-Jugend-M\u00e4dels! \u26ab\ufe0f\ud83d\udd34\n\nBei bestem Wetter sind unsere M\u00e4dels wieder ins Training gestartet. \nMit jeder Menge Spa\u00df, Ehrgeiz und Motivation ging es bereits zum zweiten Mal auf die breite Hauptstra\u00dfe. \u263a\ufe0f\nAlle haben sich alle richtig gut geschlagen \u2013 weiter so, M\u00e4dels! Zum Abschluss gab es S\u00fc\u00dfigkeiten und k\u00fchle Getr\u00e4nke \ud83e\udd64 \n\nWir freuen uns auf eine tolle Saison!\ud83d\udd34\u26ab\ufe0f #kbvmiddels\"><\/a><\/div><\/div><\/li><li class=\"zoom-instagram-widget__item media-icons-normal media-icons-hover\" data-media-type=\"carousel_album\"><div class=\"zoom-instagram-widget__item-inner-wrap\"><img class=\"zoom-instagram-link zoom-instagram-link-new\"  data-src=\"https:\/\/www.kbv-middels.de\/WordPress\/wp-content\/uploads\/2014\/05\/731232841_17971376091079880_7919173155891802717_n-320x240.jpg\" data-mfp-src=\"17861319516642760\" width=\"320\" height=\"240\" alt=\"Trainingseinheit 01.07. \n\nSchwei\u00df ist geflossen, das Training ist erledigt. Danach ging\u2019s zum gem\u00fctlichen Teil des Abends: kein \u201eSit-in\u201c , sondern ein echtes \u201eSit-oudoor\u201c vor dem Vereinsheim. \n\nMit den M\u00e4nnern wurde gekl\u00f6nt, gelacht und die Welt neu sortiert. Und als w\u00e4re das nicht schon ungew\u00f6hnlich genug, stand auch noch Spekulatius auf dem Programm. Juli kann eben auch Weihnachten.\n\nL\u00fcch up un fleu herut \ud83d\udd34\u26ab\" \/><div class=\"hover-layout zoom-instagram-widget__overlay zoom-instagram-widget__black \"><svg class=\"svg-icon\" shape-rendering=\"geometricPrecision\"><use xlink:href=\"https:\/\/www.kbv-middels.de\/WordPress\/wp-content\/plugins\/instagram-widget-by-wpzoom\/dist\/images\/frontend\/wpzoom-instagram-icons.svg#carousel_album\"><\/use><\/svg><div class=\"zoom-instagram-icon-wrap\"><a class=\"zoom-svg-instagram-stroke\" href=\"https:\/\/www.instagram.com\/p\/DaSlUH7DTUB\/\" rel=\"noopener nofollow\" target=\"_blank\" title=\"Trainingseinheit 01.07. \n\nSchwei\u00df ist geflossen, das Training ist erledigt. Danach ging\u2019s zum gem\u00fctlichen Teil des Abends: kein \u201eSit-in\u201c , sondern ein echtes \u201eSit-oudoor\u201c vor dem Vereinsheim. \n\nMit den M\u00e4nnern wurde gekl\u00f6nt, gelacht und die Welt neu sortiert. Und als w\u00e4re das nicht schon ungew\u00f6hnlich genug, stand auch noch Spekulatius auf dem Programm. Juli kann eben auch Weihnachten.\n\nL\u00fcch up un fleu herut \ud83d\udd34\u26ab\"><\/a><\/div><a class=\"zoom-instagram-link\" data-src=\"https:\/\/www.kbv-middels.de\/WordPress\/wp-content\/uploads\/2014\/05\/731232841_17971376091079880_7919173155891802717_n-320x240.jpg\" data-mfp-src=\"17861319516642760\" href=\"https:\/\/www.instagram.com\/p\/DaSlUH7DTUB\/\" target=\"_blank\" rel=\"noopener nofollow\" title=\"Trainingseinheit 01.07. \n\nSchwei\u00df ist geflossen, das Training ist erledigt. Danach ging\u2019s zum gem\u00fctlichen Teil des Abends: kein \u201eSit-in\u201c , sondern ein echtes \u201eSit-oudoor\u201c vor dem Vereinsheim. \n\nMit den M\u00e4nnern wurde gekl\u00f6nt, gelacht und die Welt neu sortiert. Und als w\u00e4re das nicht schon ungew\u00f6hnlich genug, stand auch noch Spekulatius auf dem Programm. Juli kann eben auch Weihnachten.\n\nL\u00fcch up un fleu herut \ud83d\udd34\u26ab\"><\/a><\/div><\/div><\/li><li class=\"zoom-instagram-widget__item media-icons-normal media-icons-hover\" data-media-type=\"carousel_album\"><div class=\"zoom-instagram-widget__item-inner-wrap\"><img class=\"zoom-instagram-link zoom-instagram-link-new\"  data-src=\"https:\/\/www.kbv-middels.de\/WordPress\/wp-content\/uploads\/2014\/05\/730451341_17971375731079880_8457382511733863095_n-240x320.jpg\" data-mfp-src=\"18033641129817169\" width=\"240\" height=\"320\" alt=\"Bo\u00dfeltraining der Bambinis am Montag, 29.06.\n\nWas f\u00fcr ein tolles Training! Die Beteiligung war einfach b\u00e4renstark und alle waren mit viel Freude und Eifer dabei. \ud83d\udcaa\n\nDie Reihenfolge einzuhalten hat anfangs prima funktioniert... bis am Ende das fr\u00f6hliche Chaos \u00fcbernommen hat. \ud83d\ude02 Genau so soll Kindertraining sein!\n\nUnd das Beste: In den Sommerferien wird weiter trainiert, eine Pause gibt\u2019s bei uns nicht. \n\nWeiter geht\u2019s in zwei Wochen am Freitag. Zum Abschluss gibt es f\u00fcr alle Bambinis wieder eine wohlverdiente Capri-Sonne. \ud83e\uddc3 \nWir freuen uns auf euch! \ud83d\ude0a \n\nL\u00fcch up un fleu herut \ud83d\udd34\u26ab\" \/><div class=\"hover-layout zoom-instagram-widget__overlay zoom-instagram-widget__black \"><svg class=\"svg-icon\" shape-rendering=\"geometricPrecision\"><use xlink:href=\"https:\/\/www.kbv-middels.de\/WordPress\/wp-content\/plugins\/instagram-widget-by-wpzoom\/dist\/images\/frontend\/wpzoom-instagram-icons.svg#carousel_album\"><\/use><\/svg><div class=\"zoom-instagram-icon-wrap\"><a class=\"zoom-svg-instagram-stroke\" href=\"https:\/\/www.instagram.com\/p\/DaSkxfhDQzi\/\" rel=\"noopener nofollow\" target=\"_blank\" title=\"Bo\u00dfeltraining der Bambinis am Montag, 29.06.\n\nWas f\u00fcr ein tolles Training! Die Beteiligung war einfach b\u00e4renstark und alle waren mit viel Freude und Eifer dabei. \ud83d\udcaa\n\nDie Reihenfolge einzuhalten hat anfangs prima funktioniert... bis am Ende das fr\u00f6hliche Chaos \u00fcbernommen hat. \ud83d\ude02 Genau so soll Kindertraining sein!\n\nUnd das Beste: In den Sommerferien wird weiter trainiert, eine Pause gibt\u2019s bei uns nicht. \n\nWeiter geht\u2019s in zwei Wochen am Freitag. Zum Abschluss gibt es f\u00fcr alle Bambinis wieder eine wohlverdiente Capri-Sonne. \ud83e\uddc3 \nWir freuen uns auf euch! \ud83d\ude0a \n\nL\u00fcch up un fleu herut \ud83d\udd34\u26ab\"><\/a><\/div><a class=\"zoom-instagram-link\" data-src=\"https:\/\/www.kbv-middels.de\/WordPress\/wp-content\/uploads\/2014\/05\/730451341_17971375731079880_8457382511733863095_n-240x320.jpg\" data-mfp-src=\"18033641129817169\" href=\"https:\/\/www.instagram.com\/p\/DaSkxfhDQzi\/\" target=\"_blank\" rel=\"noopener nofollow\" title=\"Bo\u00dfeltraining der Bambinis am Montag, 29.06.\n\nWas f\u00fcr ein tolles Training! Die Beteiligung war einfach b\u00e4renstark und alle waren mit viel Freude und Eifer dabei. \ud83d\udcaa\n\nDie Reihenfolge einzuhalten hat anfangs prima funktioniert... bis am Ende das fr\u00f6hliche Chaos \u00fcbernommen hat. \ud83d\ude02 Genau so soll Kindertraining sein!\n\nUnd das Beste: In den Sommerferien wird weiter trainiert, eine Pause gibt\u2019s bei uns nicht. \n\nWeiter geht\u2019s in zwei Wochen am Freitag. Zum Abschluss gibt es f\u00fcr alle Bambinis wieder eine wohlverdiente Capri-Sonne. \ud83e\uddc3 \nWir freuen uns auf euch! \ud83d\ude0a \n\nL\u00fcch up un fleu herut \ud83d\udd34\u26ab\"><\/a><\/div><\/div><\/li><li class=\"zoom-instagram-widget__item media-icons-normal media-icons-hover\" data-media-type=\"image\"><div class=\"zoom-instagram-widget__item-inner-wrap\"><img class=\"zoom-instagram-link zoom-instagram-link-new\"  data-src=\"https:\/\/www.kbv-middels.de\/WordPress\/wp-content\/uploads\/2017\/03\/720805198_17968763676079880_6327447772357548447_n-320x320.jpg\" data-mfp-src=\"18366611608239193\" width=\"320\" height=\"320\" alt=\"Landeseinzelmeisterschaften 2026 \u26ab\ufe0f\ud83d\udd34\n\nHier das Ergebnis von Sonntag, 14.06.2026.\n \n Domenik Heinze konnte sich in der m\u00e4nnlichen Jugend B mit einer super Leistung den 6. Platz mit der Holzkugel sichern. Herzlichen Gl\u00fcckwunsch zu diesem Erfolg \u263a\ufe0f \ud83c\udf40\" \/><div class=\"hover-layout zoom-instagram-widget__overlay zoom-instagram-widget__black \"><div class=\"zoom-instagram-icon-wrap\"><a class=\"zoom-svg-instagram-stroke\" href=\"https:\/\/www.instagram.com\/p\/DZkilKcNjou\/\" rel=\"noopener nofollow\" target=\"_blank\" title=\"Landeseinzelmeisterschaften 2026 \u26ab\ufe0f\ud83d\udd34\n\nHier das Ergebnis von Sonntag, 14.06.2026.\n \n Domenik Heinze konnte sich in der m\u00e4nnlichen Jugend B mit einer super Leistung den 6. Platz mit der Holzkugel sichern. Herzlichen Gl\u00fcckwunsch zu diesem Erfolg \u263a\ufe0f \ud83c\udf40\"><\/a><\/div><a class=\"zoom-instagram-link\" data-src=\"https:\/\/www.kbv-middels.de\/WordPress\/wp-content\/uploads\/2017\/03\/720805198_17968763676079880_6327447772357548447_n-320x320.jpg\" data-mfp-src=\"18366611608239193\" href=\"https:\/\/www.instagram.com\/p\/DZkilKcNjou\/\" target=\"_blank\" rel=\"noopener nofollow\" title=\"Landeseinzelmeisterschaften 2026 \u26ab\ufe0f\ud83d\udd34\n\nHier das Ergebnis von Sonntag, 14.06.2026.\n \n Domenik Heinze konnte sich in der m\u00e4nnlichen Jugend B mit einer super Leistung den 6. Platz mit der Holzkugel sichern. Herzlichen Gl\u00fcckwunsch zu diesem Erfolg \u263a\ufe0f \ud83c\udf40\"><\/a><\/div><\/div><\/li><li class=\"zoom-instagram-widget__item media-icons-normal media-icons-hover\" data-media-type=\"carousel_album\"><div class=\"zoom-instagram-widget__item-inner-wrap\"><img class=\"zoom-instagram-link zoom-instagram-link-new\"  data-src=\"https:\/\/www.kbv-middels.de\/WordPress\/wp-content\/uploads\/2014\/05\/722314042_17968649820079880_2248845842042803921_n-320x320.jpg\" data-mfp-src=\"17893434381509583\" width=\"320\" height=\"320\" alt=\"Landeseinzelmeisterschaften 2026 \u26ab\ufe0f\ud83d\udd34\n Hier die Ergebnisse vom Samstag, 13.06.2026.\n\nHinrich Janssen konnte sich mit einer super Leistung die Silbermedaille mit der Holzkugel sichern. Herzlichen Gl\u00fcckwunsch zu diesem tollen Erfolg! \ud83e\udd48\" \/><div class=\"hover-layout zoom-instagram-widget__overlay zoom-instagram-widget__black \"><svg class=\"svg-icon\" shape-rendering=\"geometricPrecision\"><use xlink:href=\"https:\/\/www.kbv-middels.de\/WordPress\/wp-content\/plugins\/instagram-widget-by-wpzoom\/dist\/images\/frontend\/wpzoom-instagram-icons.svg#carousel_album\"><\/use><\/svg><div class=\"zoom-instagram-icon-wrap\"><a class=\"zoom-svg-instagram-stroke\" href=\"https:\/\/www.instagram.com\/p\/DZiUOY1jQnC\/\" rel=\"noopener nofollow\" target=\"_blank\" title=\"Landeseinzelmeisterschaften 2026 \u26ab\ufe0f\ud83d\udd34\n Hier die Ergebnisse vom Samstag, 13.06.2026.\n\nHinrich Janssen konnte sich mit einer super Leistung die Silbermedaille mit der Holzkugel sichern. Herzlichen Gl\u00fcckwunsch zu diesem tollen Erfolg! \ud83e\udd48\"><\/a><\/div><a class=\"zoom-instagram-link\" data-src=\"https:\/\/www.kbv-middels.de\/WordPress\/wp-content\/uploads\/2014\/05\/722314042_17968649820079880_2248845842042803921_n-320x320.jpg\" data-mfp-src=\"17893434381509583\" href=\"https:\/\/www.instagram.com\/p\/DZiUOY1jQnC\/\" target=\"_blank\" rel=\"noopener nofollow\" title=\"Landeseinzelmeisterschaften 2026 \u26ab\ufe0f\ud83d\udd34\n Hier die Ergebnisse vom Samstag, 13.06.2026.\n\nHinrich Janssen konnte sich mit einer super Leistung die Silbermedaille mit der Holzkugel sichern. Herzlichen Gl\u00fcckwunsch zu diesem tollen Erfolg! \ud83e\udd48\"><\/a><\/div><\/div><\/li><li class=\"zoom-instagram-widget__item media-icons-normal media-icons-hover\" data-media-type=\"image\"><div class=\"zoom-instagram-widget__item-inner-wrap\"><img class=\"zoom-instagram-link zoom-instagram-link-new\"  data-src=\"https:\/\/www.kbv-middels.de\/WordPress\/wp-content\/uploads\/2014\/05\/722364003_17968616205079880_1929329927061105541_n-320x320.jpg\" data-mfp-src=\"18112755199918213\" width=\"320\" height=\"320\" alt=\"Landeseinzelmeisterschaften 2026 \u2665\ufe0f\ud83d\udda4\ud83e\udd0d\n\nAn diesem Wochenende finden die Landeseinzelmeisterschaften in Dietrichsfeld, KV Aurich statt. Insgesamt 6 Werferinnen und Werfer vertreten den KBV Middels. Wir w\u00fcnschen allen Starter-\/innen viel Erfolg \ud83c\udf40\" \/><div class=\"hover-layout zoom-instagram-widget__overlay zoom-instagram-widget__black \"><div class=\"zoom-instagram-icon-wrap\"><a class=\"zoom-svg-instagram-stroke\" href=\"https:\/\/www.instagram.com\/p\/DZhzZ61te7m\/\" rel=\"noopener nofollow\" target=\"_blank\" title=\"Landeseinzelmeisterschaften 2026 \u2665\ufe0f\ud83d\udda4\ud83e\udd0d\n\nAn diesem Wochenende finden die Landeseinzelmeisterschaften in Dietrichsfeld, KV Aurich statt. Insgesamt 6 Werferinnen und Werfer vertreten den KBV Middels. Wir w\u00fcnschen allen Starter-\/innen viel Erfolg \ud83c\udf40\"><\/a><\/div><a class=\"zoom-instagram-link\" data-src=\"https:\/\/www.kbv-middels.de\/WordPress\/wp-content\/uploads\/2014\/05\/722364003_17968616205079880_1929329927061105541_n-320x320.jpg\" data-mfp-src=\"18112755199918213\" href=\"https:\/\/www.instagram.com\/p\/DZhzZ61te7m\/\" target=\"_blank\" rel=\"noopener nofollow\" title=\"Landeseinzelmeisterschaften 2026 \u2665\ufe0f\ud83d\udda4\ud83e\udd0d\n\nAn diesem Wochenende finden die Landeseinzelmeisterschaften in Dietrichsfeld, KV Aurich statt. Insgesamt 6 Werferinnen und Werfer vertreten den KBV Middels. Wir w\u00fcnschen allen Starter-\/innen viel Erfolg \ud83c\udf40\"><\/a><\/div><\/div><\/li><li class=\"zoom-instagram-widget__item media-icons-normal media-icons-hover\" data-media-type=\"video\"><div class=\"zoom-instagram-widget__item-inner-wrap\"><img class=\"zoom-instagram-link zoom-instagram-link-new\"  data-src=\"https:\/\/www.kbv-middels.de\/WordPress\/wp-content\/uploads\/2020\/03\/684265896_2239606823645386_8671812154254530939_n-180x320.jpg\" data-mfp-src=\"17979954680991027\" width=\"180\" height=\"320\" alt=\"\u26ab 18. Wettkampfwoche \ud83d\udd34 \n\nEs ist bereits etwas Gras \u00fcber die Saison gewachsen, hier jedoch noch ein kleiner Nachtrag zum letzten Spieltag.\n\nUnsere Frauen IV bestritten ihren letzten Wettkampf in Neu-Ekels. Mit 6 Wurf unterlagen sie leider den Gastgeberinnen und belegen somit den 6. Platz.\nAuch unsere 2. Frauen I mussten nochmal ausw\u00e4rts ran.\nGegen die SG Neuwesteel\/Norddeich mussten sie sich mit einem knappen Ergebnis von 2 Wurf geschlagen geben. Sie belegen zum Ende der Saison den 9. Tabellenplatz.\nF\u00fcr unsere 1. Frauen I Mannschaft ging es nochmal in einem Heimkampf gegen die M\u00e4dels aus Wiesederfehn. Auch wenn hier bereits der 9. Platz und somit der Abstieg feststand, verabschiedeten sie sich nochmal mit einem tollen Wettkampf und einem Sieg von 6 Wurf aus der Bezirksliga.\nDie M\u00e4nner I Mannschaft trat ebenfalls nochmal Zuhause zum letzten Wettkampf an. Gegen Ostermarsch sicherten sie sich mit 3 Wurf nochmal zwei Punkte und belegen den 7. Platz.\n\nM\u00e4nner II belegt diese Saison den 8. Platz\nDie M\u00e4nner IV Mannschaft holt sich den Vizemeister-Titel \ud83c\udf89\ud83e\udd48\nM\u00e4nner V belegt zum Ende der Saison Platz 6.\nDie B Jugend hat bereits vor einiger Zeit ihren Meistertitel gefeiert.\nAuch die m\u00e4nnl. Jgd. C und E kann stolz auf die Leistung der Saison sein - sie belegen Platz 4 und 3.\nUnsere M\u00e4dels der C Jgd. belegen den 6. und unsere Minis der F Jgd. den 5. Platz.\n\nAnschlie\u00dfend wurde nat\u00fcrlich auf den noch verbliebenen Meisterschaftsfeiern noch ordentlich gefeiert.\n\nN\u00e4chste Saison wird neu angegriffen, an die Leistungen angekn\u00fcpft und ausgebaut \ud83e\uddbe\ud83d\udca5\n\n#kbvmiddels #bo\u00dfelnistmeinsport #saison2025\/2026\" \/><div class=\"hover-layout zoom-instagram-widget__overlay zoom-instagram-widget__black \"><svg class=\"svg-icon\" shape-rendering=\"geometricPrecision\"><use xlink:href=\"https:\/\/www.kbv-middels.de\/WordPress\/wp-content\/plugins\/instagram-widget-by-wpzoom\/dist\/images\/frontend\/wpzoom-instagram-icons.svg#video\"><\/use><\/svg><div class=\"zoom-instagram-icon-wrap\"><a class=\"zoom-svg-instagram-stroke\" href=\"https:\/\/www.instagram.com\/reel\/DXoRVwOjV76\/\" rel=\"noopener nofollow\" target=\"_blank\" title=\"\u26ab 18. Wettkampfwoche \ud83d\udd34 \n\nEs ist bereits etwas Gras \u00fcber die Saison gewachsen, hier jedoch noch ein kleiner Nachtrag zum letzten Spieltag.\n\nUnsere Frauen IV bestritten ihren letzten Wettkampf in Neu-Ekels. Mit 6 Wurf unterlagen sie leider den Gastgeberinnen und belegen somit den 6. Platz.\nAuch unsere 2. Frauen I mussten nochmal ausw\u00e4rts ran.\nGegen die SG Neuwesteel\/Norddeich mussten sie sich mit einem knappen Ergebnis von 2 Wurf geschlagen geben. Sie belegen zum Ende der Saison den 9. Tabellenplatz.\nF\u00fcr unsere 1. Frauen I Mannschaft ging es nochmal in einem Heimkampf gegen die M\u00e4dels aus Wiesederfehn. Auch wenn hier bereits der 9. Platz und somit der Abstieg feststand, verabschiedeten sie sich nochmal mit einem tollen Wettkampf und einem Sieg von 6 Wurf aus der Bezirksliga.\nDie M\u00e4nner I Mannschaft trat ebenfalls nochmal Zuhause zum letzten Wettkampf an. Gegen Ostermarsch sicherten sie sich mit 3 Wurf nochmal zwei Punkte und belegen den 7. Platz.\n\nM\u00e4nner II belegt diese Saison den 8. Platz\nDie M\u00e4nner IV Mannschaft holt sich den Vizemeister-Titel \ud83c\udf89\ud83e\udd48\nM\u00e4nner V belegt zum Ende der Saison Platz 6.\nDie B Jugend hat bereits vor einiger Zeit ihren Meistertitel gefeiert.\nAuch die m\u00e4nnl. Jgd. C und E kann stolz auf die Leistung der Saison sein - sie belegen Platz 4 und 3.\nUnsere M\u00e4dels der C Jgd. belegen den 6. und unsere Minis der F Jgd. den 5. Platz.\n\nAnschlie\u00dfend wurde nat\u00fcrlich auf den noch verbliebenen Meisterschaftsfeiern noch ordentlich gefeiert.\n\nN\u00e4chste Saison wird neu angegriffen, an die Leistungen angekn\u00fcpft und ausgebaut \ud83e\uddbe\ud83d\udca5\n\n#kbvmiddels #bo\u00dfelnistmeinsport #saison2025\/2026\"><\/a><\/div><a class=\"zoom-instagram-link\" data-src=\"https:\/\/www.kbv-middels.de\/WordPress\/wp-content\/uploads\/2020\/03\/684265896_2239606823645386_8671812154254530939_n-180x320.jpg\" data-mfp-src=\"17979954680991027\" href=\"https:\/\/www.instagram.com\/reel\/DXoRVwOjV76\/\" target=\"_blank\" rel=\"noopener nofollow\" title=\"\u26ab 18. Wettkampfwoche \ud83d\udd34 \n\nEs ist bereits etwas Gras \u00fcber die Saison gewachsen, hier jedoch noch ein kleiner Nachtrag zum letzten Spieltag.\n\nUnsere Frauen IV bestritten ihren letzten Wettkampf in Neu-Ekels. Mit 6 Wurf unterlagen sie leider den Gastgeberinnen und belegen somit den 6. Platz.\nAuch unsere 2. Frauen I mussten nochmal ausw\u00e4rts ran.\nGegen die SG Neuwesteel\/Norddeich mussten sie sich mit einem knappen Ergebnis von 2 Wurf geschlagen geben. Sie belegen zum Ende der Saison den 9. Tabellenplatz.\nF\u00fcr unsere 1. Frauen I Mannschaft ging es nochmal in einem Heimkampf gegen die M\u00e4dels aus Wiesederfehn. Auch wenn hier bereits der 9. Platz und somit der Abstieg feststand, verabschiedeten sie sich nochmal mit einem tollen Wettkampf und einem Sieg von 6 Wurf aus der Bezirksliga.\nDie M\u00e4nner I Mannschaft trat ebenfalls nochmal Zuhause zum letzten Wettkampf an. Gegen Ostermarsch sicherten sie sich mit 3 Wurf nochmal zwei Punkte und belegen den 7. Platz.\n\nM\u00e4nner II belegt diese Saison den 8. Platz\nDie M\u00e4nner IV Mannschaft holt sich den Vizemeister-Titel \ud83c\udf89\ud83e\udd48\nM\u00e4nner V belegt zum Ende der Saison Platz 6.\nDie B Jugend hat bereits vor einiger Zeit ihren Meistertitel gefeiert.\nAuch die m\u00e4nnl. Jgd. C und E kann stolz auf die Leistung der Saison sein - sie belegen Platz 4 und 3.\nUnsere M\u00e4dels der C Jgd. belegen den 6. und unsere Minis der F Jgd. den 5. Platz.\n\nAnschlie\u00dfend wurde nat\u00fcrlich auf den noch verbliebenen Meisterschaftsfeiern noch ordentlich gefeiert.\n\nN\u00e4chste Saison wird neu angegriffen, an die Leistungen angekn\u00fcpft und ausgebaut \ud83e\uddbe\ud83d\udca5\n\n#kbvmiddels #bo\u00dfelnistmeinsport #saison2025\/2026\"><\/a><\/div><\/div><\/li><li class=\"zoom-instagram-widget__item media-icons-normal media-icons-hover\" data-media-type=\"video\"><div class=\"zoom-instagram-widget__item-inner-wrap\"><img class=\"zoom-instagram-link zoom-instagram-link-new\"  data-src=\"https:\/\/www.kbv-middels.de\/WordPress\/wp-content\/uploads\/2017\/03\/671272198_2179613352775337_4259431070878464913_n-180x320.jpg\" data-mfp-src=\"17941996350173169\" width=\"180\" height=\"320\" alt=\"Hallenbo\u00dfeln der Bambinis \ud83e\udd70\n\nUnsere Jugendbetreuer haben sich ein paar tolle Stationen f\u00fcr unsere Kleinen ausgedacht.\nMal geht es um Genauigkeit, mal um ein bisschen Kraft - so k\u00f6nnen sie sich spielerisch an das Thema bo\u00dfeln rantasten. Und der Spa\u00df dabei kommt nat\u00fcrlich auch nicht zu kurz \u263a\ufe0f\n\nVielen Dank an unsere Betreuer, dass ihr euch die Zeit nehmt und das m\u00f6glich macht \ud83d\udcaf\u2665\ufe0f\n\n#bo\u00dfelbambinis #fr\u00fch\u00fcbtsich #kbvmiddels\" \/><div class=\"hover-layout zoom-instagram-widget__overlay zoom-instagram-widget__black \"><svg class=\"svg-icon\" shape-rendering=\"geometricPrecision\"><use xlink:href=\"https:\/\/www.kbv-middels.de\/WordPress\/wp-content\/plugins\/instagram-widget-by-wpzoom\/dist\/images\/frontend\/wpzoom-instagram-icons.svg#video\"><\/use><\/svg><div class=\"zoom-instagram-icon-wrap\"><a class=\"zoom-svg-instagram-stroke\" href=\"https:\/\/www.instagram.com\/reel\/DXKkteVjQtq\/\" rel=\"noopener nofollow\" target=\"_blank\" title=\"Hallenbo\u00dfeln der Bambinis \ud83e\udd70\n\nUnsere Jugendbetreuer haben sich ein paar tolle Stationen f\u00fcr unsere Kleinen ausgedacht.\nMal geht es um Genauigkeit, mal um ein bisschen Kraft - so k\u00f6nnen sie sich spielerisch an das Thema bo\u00dfeln rantasten. Und der Spa\u00df dabei kommt nat\u00fcrlich auch nicht zu kurz \u263a\ufe0f\n\nVielen Dank an unsere Betreuer, dass ihr euch die Zeit nehmt und das m\u00f6glich macht \ud83d\udcaf\u2665\ufe0f\n\n#bo\u00dfelbambinis #fr\u00fch\u00fcbtsich #kbvmiddels\"><\/a><\/div><a class=\"zoom-instagram-link\" data-src=\"https:\/\/www.kbv-middels.de\/WordPress\/wp-content\/uploads\/2017\/03\/671272198_2179613352775337_4259431070878464913_n-180x320.jpg\" data-mfp-src=\"17941996350173169\" href=\"https:\/\/www.instagram.com\/reel\/DXKkteVjQtq\/\" target=\"_blank\" rel=\"noopener nofollow\" title=\"Hallenbo\u00dfeln der Bambinis \ud83e\udd70\n\nUnsere Jugendbetreuer haben sich ein paar tolle Stationen f\u00fcr unsere Kleinen ausgedacht.\nMal geht es um Genauigkeit, mal um ein bisschen Kraft - so k\u00f6nnen sie sich spielerisch an das Thema bo\u00dfeln rantasten. Und der Spa\u00df dabei kommt nat\u00fcrlich auch nicht zu kurz \u263a\ufe0f\n\nVielen Dank an unsere Betreuer, dass ihr euch die Zeit nehmt und das m\u00f6glich macht \ud83d\udcaf\u2665\ufe0f\n\n#bo\u00dfelbambinis #fr\u00fch\u00fcbtsich #kbvmiddels\"><\/a><\/div><\/div><\/li><li class=\"zoom-instagram-widget__item media-icons-normal media-icons-hover\" data-media-type=\"video\"><div class=\"zoom-instagram-widget__item-inner-wrap\"><img class=\"zoom-instagram-link zoom-instagram-link-new\"  data-src=\"https:\/\/www.kbv-middels.de\/WordPress\/wp-content\/uploads\/2017\/03\/671561299_984741080782665_5651715710460221417_n-178x320.jpg\" data-mfp-src=\"18120751783651178\" width=\"178\" height=\"320\" alt=\"\ud83d\udd3417. Wettkampfwoche \u26ab\n\nDie Frauenmannschaften waren diesem Wochenende beide auf der Heimstrecke unterwegs. F\u00fcr beide Mannschaften stand viel auf dem Spiel, um noch irgendetwas zu retten mussten die Punkte her. \nDie 2. FI konnte ihren G\u00e4sten aus Hage jedoch nicht ganz Stand halten und mussten mit -7 Wurf die Punkte leider abgeben.\nIn der 1. FI Mannschaft fand ein Krimi gegen die Freunde aus Etzel statt. Die G\u00e4ste konnten die letzten Jahre so gut wie keine Punkte in Middels ergattern - bis zu diesem Tag. Nach einem aufregenden Wettkampf wurde der Bann gebrochen und Etzel sicherte sich einen knappen Sieg mit einem Wurf. Nun half nur noch Daumen dr\u00fccken und auf ein Vitamin B Wunder hoffen... Doch dies zerschlug sich schon auf dem Weg zum Vereinsheim. Die Ergebnisse der anderen Mannschaften spielten ihnen nicht in die Karten und somit war der Abstieg in die Bezirksklasse leider besiegelt.\ud83e\udee0\n\nUnsere MI Mannschaft war zu Gast in Buttforde. Auch sie mussten sich geschlagen geben und die Gastgeber behielten mit 5 Wurf die Punkte Zuhause.\nMII hatte an diesem Wochenende wohl die einzigen gl\u00fccklichen Gesichter. Sie warfen ihren Stiefel und holten sich die beiden Heimpunkte mit 4 Wurf \ud83d\ude42\n\n#kopfnichth\u00e4ngenlassen #bo\u00dfelnistmeinsport #weitergehts #kbvmiddels\" \/><div class=\"hover-layout zoom-instagram-widget__overlay zoom-instagram-widget__black \"><svg class=\"svg-icon\" shape-rendering=\"geometricPrecision\"><use xlink:href=\"https:\/\/www.kbv-middels.de\/WordPress\/wp-content\/plugins\/instagram-widget-by-wpzoom\/dist\/images\/frontend\/wpzoom-instagram-icons.svg#video\"><\/use><\/svg><div class=\"zoom-instagram-icon-wrap\"><a class=\"zoom-svg-instagram-stroke\" href=\"https:\/\/www.instagram.com\/reel\/DXAKxkqDRys\/\" rel=\"noopener nofollow\" target=\"_blank\" title=\"\ud83d\udd3417. Wettkampfwoche \u26ab\n\nDie Frauenmannschaften waren diesem Wochenende beide auf der Heimstrecke unterwegs. F\u00fcr beide Mannschaften stand viel auf dem Spiel, um noch irgendetwas zu retten mussten die Punkte her. \nDie 2. FI konnte ihren G\u00e4sten aus Hage jedoch nicht ganz Stand halten und mussten mit -7 Wurf die Punkte leider abgeben.\nIn der 1. FI Mannschaft fand ein Krimi gegen die Freunde aus Etzel statt. Die G\u00e4ste konnten die letzten Jahre so gut wie keine Punkte in Middels ergattern - bis zu diesem Tag. Nach einem aufregenden Wettkampf wurde der Bann gebrochen und Etzel sicherte sich einen knappen Sieg mit einem Wurf. Nun half nur noch Daumen dr\u00fccken und auf ein Vitamin B Wunder hoffen... Doch dies zerschlug sich schon auf dem Weg zum Vereinsheim. Die Ergebnisse der anderen Mannschaften spielten ihnen nicht in die Karten und somit war der Abstieg in die Bezirksklasse leider besiegelt.\ud83e\udee0\n\nUnsere MI Mannschaft war zu Gast in Buttforde. Auch sie mussten sich geschlagen geben und die Gastgeber behielten mit 5 Wurf die Punkte Zuhause.\nMII hatte an diesem Wochenende wohl die einzigen gl\u00fccklichen Gesichter. Sie warfen ihren Stiefel und holten sich die beiden Heimpunkte mit 4 Wurf \ud83d\ude42\n\n#kopfnichth\u00e4ngenlassen #bo\u00dfelnistmeinsport #weitergehts #kbvmiddels\"><\/a><\/div><a class=\"zoom-instagram-link\" data-src=\"https:\/\/www.kbv-middels.de\/WordPress\/wp-content\/uploads\/2017\/03\/671561299_984741080782665_5651715710460221417_n-178x320.jpg\" data-mfp-src=\"18120751783651178\" href=\"https:\/\/www.instagram.com\/reel\/DXAKxkqDRys\/\" target=\"_blank\" rel=\"noopener nofollow\" title=\"\ud83d\udd3417. Wettkampfwoche \u26ab\n\nDie Frauenmannschaften waren diesem Wochenende beide auf der Heimstrecke unterwegs. F\u00fcr beide Mannschaften stand viel auf dem Spiel, um noch irgendetwas zu retten mussten die Punkte her. \nDie 2. FI konnte ihren G\u00e4sten aus Hage jedoch nicht ganz Stand halten und mussten mit -7 Wurf die Punkte leider abgeben.\nIn der 1. FI Mannschaft fand ein Krimi gegen die Freunde aus Etzel statt. Die G\u00e4ste konnten die letzten Jahre so gut wie keine Punkte in Middels ergattern - bis zu diesem Tag. Nach einem aufregenden Wettkampf wurde der Bann gebrochen und Etzel sicherte sich einen knappen Sieg mit einem Wurf. Nun half nur noch Daumen dr\u00fccken und auf ein Vitamin B Wunder hoffen... Doch dies zerschlug sich schon auf dem Weg zum Vereinsheim. Die Ergebnisse der anderen Mannschaften spielten ihnen nicht in die Karten und somit war der Abstieg in die Bezirksklasse leider besiegelt.\ud83e\udee0\n\nUnsere MI Mannschaft war zu Gast in Buttforde. Auch sie mussten sich geschlagen geben und die Gastgeber behielten mit 5 Wurf die Punkte Zuhause.\nMII hatte an diesem Wochenende wohl die einzigen gl\u00fccklichen Gesichter. Sie warfen ihren Stiefel und holten sich die beiden Heimpunkte mit 4 Wurf \ud83d\ude42\n\n#kopfnichth\u00e4ngenlassen #bo\u00dfelnistmeinsport #weitergehts #kbvmiddels\"><\/a><\/div><\/div><\/li><li class=\"zoom-instagram-widget__item media-icons-normal media-icons-hover\" data-media-type=\"video\"><div class=\"zoom-instagram-widget__item-inner-wrap\"><img class=\"zoom-instagram-link zoom-instagram-link-new\"  data-src=\"https:\/\/www.kbv-middels.de\/WordPress\/wp-content\/uploads\/2014\/05\/656006551_4211694889143777_1428354288581427717_n-178x320.jpg\" data-mfp-src=\"18043117430568511\" width=\"178\" height=\"320\" alt=\"\u26ab 16. Wettkampfwoche \ud83d\udd34\n\nUnsere MI begr\u00fc\u00dfte am 16. Spieltag Deternerlehe. Leider zeigten die G\u00e4ste hier, dass ihnen die Stra\u00dfe liegt und entf\u00fchrten 6 Wurf.\nMII tat es ihnen gleich. Sie waren in Rahe zu Gast und mussten ebenfalls -6 Wurf in Kauf nehmen.\nAuch die m\u00e4nnl. C Jgd. konnte keine Punkte mit nach Hause nehmen. Sie mussten dem Gastgeber SG Sandhorst\/Langefeld mit 7 Wurf den Sieg \u00fcberlassen.\n\nF\u00fcr den 1. FI Mannschaft gab es wichtige zwei Punkte. In einem spannenden Wettkampf konnten die M\u00e4dels sich Zuhause gegen Simonswolde knapp mit 2 Wurf \u00fcber Wasser halten. Hier waren sie somit noch im Rennen um den &quot;Nichtabstiegsplatz&quot;\nDie 2. FI hatte ein ebenso knappes Ergebnis zu verzeichnen. Leider zum Guten der Gastgeber aus Ludwigsdorf, sie behielten mit nur einem Wurf die Punkte Zuhause.\n\n#bo\u00dfelnistmeinsport #kbvmiddels #weiterk\u00e4mpfen\" \/><div class=\"hover-layout zoom-instagram-widget__overlay zoom-instagram-widget__black \"><svg class=\"svg-icon\" shape-rendering=\"geometricPrecision\"><use xlink:href=\"https:\/\/www.kbv-middels.de\/WordPress\/wp-content\/plugins\/instagram-widget-by-wpzoom\/dist\/images\/frontend\/wpzoom-instagram-icons.svg#video\"><\/use><\/svg><div class=\"zoom-instagram-icon-wrap\"><a class=\"zoom-svg-instagram-stroke\" href=\"https:\/\/www.instagram.com\/reel\/DWJGebnDXml\/\" rel=\"noopener nofollow\" target=\"_blank\" title=\"\u26ab 16. Wettkampfwoche \ud83d\udd34\n\nUnsere MI begr\u00fc\u00dfte am 16. Spieltag Deternerlehe. Leider zeigten die G\u00e4ste hier, dass ihnen die Stra\u00dfe liegt und entf\u00fchrten 6 Wurf.\nMII tat es ihnen gleich. Sie waren in Rahe zu Gast und mussten ebenfalls -6 Wurf in Kauf nehmen.\nAuch die m\u00e4nnl. C Jgd. konnte keine Punkte mit nach Hause nehmen. Sie mussten dem Gastgeber SG Sandhorst\/Langefeld mit 7 Wurf den Sieg \u00fcberlassen.\n\nF\u00fcr den 1. FI Mannschaft gab es wichtige zwei Punkte. In einem spannenden Wettkampf konnten die M\u00e4dels sich Zuhause gegen Simonswolde knapp mit 2 Wurf \u00fcber Wasser halten. Hier waren sie somit noch im Rennen um den &quot;Nichtabstiegsplatz&quot;\nDie 2. FI hatte ein ebenso knappes Ergebnis zu verzeichnen. Leider zum Guten der Gastgeber aus Ludwigsdorf, sie behielten mit nur einem Wurf die Punkte Zuhause.\n\n#bo\u00dfelnistmeinsport #kbvmiddels #weiterk\u00e4mpfen\"><\/a><\/div><a class=\"zoom-instagram-link\" data-src=\"https:\/\/www.kbv-middels.de\/WordPress\/wp-content\/uploads\/2014\/05\/656006551_4211694889143777_1428354288581427717_n-178x320.jpg\" data-mfp-src=\"18043117430568511\" href=\"https:\/\/www.instagram.com\/reel\/DWJGebnDXml\/\" target=\"_blank\" rel=\"noopener nofollow\" title=\"\u26ab 16. Wettkampfwoche \ud83d\udd34\n\nUnsere MI begr\u00fc\u00dfte am 16. Spieltag Deternerlehe. Leider zeigten die G\u00e4ste hier, dass ihnen die Stra\u00dfe liegt und entf\u00fchrten 6 Wurf.\nMII tat es ihnen gleich. Sie waren in Rahe zu Gast und mussten ebenfalls -6 Wurf in Kauf nehmen.\nAuch die m\u00e4nnl. C Jgd. konnte keine Punkte mit nach Hause nehmen. Sie mussten dem Gastgeber SG Sandhorst\/Langefeld mit 7 Wurf den Sieg \u00fcberlassen.\n\nF\u00fcr den 1. FI Mannschaft gab es wichtige zwei Punkte. In einem spannenden Wettkampf konnten die M\u00e4dels sich Zuhause gegen Simonswolde knapp mit 2 Wurf \u00fcber Wasser halten. Hier waren sie somit noch im Rennen um den &quot;Nichtabstiegsplatz&quot;\nDie 2. FI hatte ein ebenso knappes Ergebnis zu verzeichnen. Leider zum Guten der Gastgeber aus Ludwigsdorf, sie behielten mit nur einem Wurf die Punkte Zuhause.\n\n#bo\u00dfelnistmeinsport #kbvmiddels #weiterk\u00e4mpfen\"><\/a><\/div><\/div><\/li><li class=\"zoom-instagram-widget__item media-icons-normal media-icons-hover\" data-media-type=\"video\"><div class=\"zoom-instagram-widget__item-inner-wrap\"><img class=\"zoom-instagram-link zoom-instagram-link-new\"  data-src=\"https:\/\/www.kbv-middels.de\/WordPress\/wp-content\/uploads\/2017\/06\/645412421_1426607705612767_970460457586879911_n-180x320.jpg\" data-mfp-src=\"18091649762111159\" width=\"180\" height=\"320\" alt=\"\ud83d\udca5 Meister 2025\/2026 in der m\u00e4nnl. B Jugend \ud83d\udca5\n\nWir gratulieren unseren Jungs ganz herzlich zum Meistertitel \ud83d\udcaa\ud83c\udffc\ud83c\udf89\nSie haben sowohl auf unserer Heimstrecke als auch ausw\u00e4rts eine top Leistung gezeigt und haben sich mit 17:3 Punkten den Titel wirklich verdient!\n\nIhr seid spitze, macht weiter so \ud83d\udcaf\ud83d\udd25\n\n#meistertitel #tabellenspitze #bjugend #kbvmiddels\" \/><div class=\"hover-layout zoom-instagram-widget__overlay zoom-instagram-widget__black \"><svg class=\"svg-icon\" shape-rendering=\"geometricPrecision\"><use xlink:href=\"https:\/\/www.kbv-middels.de\/WordPress\/wp-content\/plugins\/instagram-widget-by-wpzoom\/dist\/images\/frontend\/wpzoom-instagram-icons.svg#video\"><\/use><\/svg><div class=\"zoom-instagram-icon-wrap\"><a class=\"zoom-svg-instagram-stroke\" href=\"https:\/\/www.instagram.com\/reel\/DViglRvDRuu\/\" rel=\"noopener nofollow\" target=\"_blank\" title=\"\ud83d\udca5 Meister 2025\/2026 in der m\u00e4nnl. B Jugend \ud83d\udca5\n\nWir gratulieren unseren Jungs ganz herzlich zum Meistertitel \ud83d\udcaa\ud83c\udffc\ud83c\udf89\nSie haben sowohl auf unserer Heimstrecke als auch ausw\u00e4rts eine top Leistung gezeigt und haben sich mit 17:3 Punkten den Titel wirklich verdient!\n\nIhr seid spitze, macht weiter so \ud83d\udcaf\ud83d\udd25\n\n#meistertitel #tabellenspitze #bjugend #kbvmiddels\"><\/a><\/div><a class=\"zoom-instagram-link\" data-src=\"https:\/\/www.kbv-middels.de\/WordPress\/wp-content\/uploads\/2017\/06\/645412421_1426607705612767_970460457586879911_n-180x320.jpg\" data-mfp-src=\"18091649762111159\" href=\"https:\/\/www.instagram.com\/reel\/DViglRvDRuu\/\" target=\"_blank\" rel=\"noopener nofollow\" title=\"\ud83d\udca5 Meister 2025\/2026 in der m\u00e4nnl. B Jugend \ud83d\udca5\n\nWir gratulieren unseren Jungs ganz herzlich zum Meistertitel \ud83d\udcaa\ud83c\udffc\ud83c\udf89\nSie haben sowohl auf unserer Heimstrecke als auch ausw\u00e4rts eine top Leistung gezeigt und haben sich mit 17:3 Punkten den Titel wirklich verdient!\n\nIhr seid spitze, macht weiter so \ud83d\udcaf\ud83d\udd25\n\n#meistertitel #tabellenspitze #bjugend #kbvmiddels\"><\/a><\/div><\/div><\/li><li class=\"zoom-instagram-widget__item media-icons-normal media-icons-hover\" data-media-type=\"video\"><div class=\"zoom-instagram-widget__item-inner-wrap\"><img class=\"zoom-instagram-link zoom-instagram-link-new\"  data-src=\"https:\/\/www.kbv-middels.de\/WordPress\/wp-content\/uploads\/2014\/05\/639564555_895888513154094_2498347581897009565_n-180x320.jpg\" data-mfp-src=\"17940048363077680\" width=\"180\" height=\"320\" alt=\"\ud83d\udd34 15. Wettkampfwoche \u26ab\nAuf geht&#039;s in die hei\u00dfe Phase...\n\nDie M\u00e4nnerabteilung war sich letztes Wochenende einig - leider im Negativen \ud83e\udd72\nIn der Erwachsenenabteilung gab&#039;s leider keine Punkte zu holen. In Ihlow verteidigen die Gastgeber ihre Heimstrecke mit 13 Wurf gegen unsere MI.\nEbenso lie\u00df Fahne unsere MIV G\u00e4ste mit 4 Wurf an keine Punkte ran. \nZuhause gegen Willen holten sich die MII G\u00e4ste die Punkte und auch Dietrichsfeld zeigte unseren MV das sie auch bei uns werfen k\u00f6nnen...\n\nEinzig unsere m\u00e4nnl. B Jugend zeigte Nerven. \nSie wollten nat\u00fcrlich ihren 1. Tabellenplatz verteidigen.\nUnd das taten sie auch! Im Nachholwettkampf gg die SG Westersander\/L\u00fcbbertszehn zeigten sie, dass sie auch ausw\u00e4rts gut zurecht kommen und holten sich dort mit einem Wurf die beiden Punkte - und somit auch die vorzeitige Meisterschaft \ud83d\udca5\ud83e\udd73\ud83e\udd73\nAm kommenden Wochenende steht noch ein Nachholwettkampf aus - gebt Gas Jungs und unterstreicht das Ganze nochmal \ud83c\udf89\ud83e\uddbe\n\nDie Frauen war sich allerdings auch einig.\nDie 2. F I Mannschaft behielt Zuhause gg Rechtsupweg einen Punkt w\u00e4hrend die 1. FI in Collrunge einen Z\u00e4hler erarbeiten konnte. Beides super wichtige Punkte, denn beide Mannschaften sind noch im Verfolgerrennen auf den &quot;Nichtabstiegsplatz&quot;. \nDie letzten Wettk\u00e4mpfe m\u00fcssen hier sitzen um die Klasse &amp; Liga zu erhalten \ud83d\ude4f\ud83c\udffc\ud83d\udcab\n\n#kbvmiddels #k\u00e4mpfenbiszumschluss #kopfhochweitergehts #bo\u00dfelnistmeinsport\" \/><div class=\"hover-layout zoom-instagram-widget__overlay zoom-instagram-widget__black \"><svg class=\"svg-icon\" shape-rendering=\"geometricPrecision\"><use xlink:href=\"https:\/\/www.kbv-middels.de\/WordPress\/wp-content\/plugins\/instagram-widget-by-wpzoom\/dist\/images\/frontend\/wpzoom-instagram-icons.svg#video\"><\/use><\/svg><div class=\"zoom-instagram-icon-wrap\"><a class=\"zoom-svg-instagram-stroke\" href=\"https:\/\/www.instagram.com\/reel\/DVS33DvDeDu\/\" rel=\"noopener nofollow\" target=\"_blank\" title=\"\ud83d\udd34 15. Wettkampfwoche \u26ab\nAuf geht&#039;s in die hei\u00dfe Phase...\n\nDie M\u00e4nnerabteilung war sich letztes Wochenende einig - leider im Negativen \ud83e\udd72\nIn der Erwachsenenabteilung gab&#039;s leider keine Punkte zu holen. In Ihlow verteidigen die Gastgeber ihre Heimstrecke mit 13 Wurf gegen unsere MI.\nEbenso lie\u00df Fahne unsere MIV G\u00e4ste mit 4 Wurf an keine Punkte ran. \nZuhause gegen Willen holten sich die MII G\u00e4ste die Punkte und auch Dietrichsfeld zeigte unseren MV das sie auch bei uns werfen k\u00f6nnen...\n\nEinzig unsere m\u00e4nnl. B Jugend zeigte Nerven. \nSie wollten nat\u00fcrlich ihren 1. Tabellenplatz verteidigen.\nUnd das taten sie auch! Im Nachholwettkampf gg die SG Westersander\/L\u00fcbbertszehn zeigten sie, dass sie auch ausw\u00e4rts gut zurecht kommen und holten sich dort mit einem Wurf die beiden Punkte - und somit auch die vorzeitige Meisterschaft \ud83d\udca5\ud83e\udd73\ud83e\udd73\nAm kommenden Wochenende steht noch ein Nachholwettkampf aus - gebt Gas Jungs und unterstreicht das Ganze nochmal \ud83c\udf89\ud83e\uddbe\n\nDie Frauen war sich allerdings auch einig.\nDie 2. F I Mannschaft behielt Zuhause gg Rechtsupweg einen Punkt w\u00e4hrend die 1. FI in Collrunge einen Z\u00e4hler erarbeiten konnte. Beides super wichtige Punkte, denn beide Mannschaften sind noch im Verfolgerrennen auf den &quot;Nichtabstiegsplatz&quot;. \nDie letzten Wettk\u00e4mpfe m\u00fcssen hier sitzen um die Klasse &amp; Liga zu erhalten \ud83d\ude4f\ud83c\udffc\ud83d\udcab\n\n#kbvmiddels #k\u00e4mpfenbiszumschluss #kopfhochweitergehts #bo\u00dfelnistmeinsport\"><\/a><\/div><a class=\"zoom-instagram-link\" data-src=\"https:\/\/www.kbv-middels.de\/WordPress\/wp-content\/uploads\/2014\/05\/639564555_895888513154094_2498347581897009565_n-180x320.jpg\" data-mfp-src=\"17940048363077680\" href=\"https:\/\/www.instagram.com\/reel\/DVS33DvDeDu\/\" target=\"_blank\" rel=\"noopener nofollow\" title=\"\ud83d\udd34 15. Wettkampfwoche \u26ab\nAuf geht&#039;s in die hei\u00dfe Phase...\n\nDie M\u00e4nnerabteilung war sich letztes Wochenende einig - leider im Negativen \ud83e\udd72\nIn der Erwachsenenabteilung gab&#039;s leider keine Punkte zu holen. In Ihlow verteidigen die Gastgeber ihre Heimstrecke mit 13 Wurf gegen unsere MI.\nEbenso lie\u00df Fahne unsere MIV G\u00e4ste mit 4 Wurf an keine Punkte ran. \nZuhause gegen Willen holten sich die MII G\u00e4ste die Punkte und auch Dietrichsfeld zeigte unseren MV das sie auch bei uns werfen k\u00f6nnen...\n\nEinzig unsere m\u00e4nnl. B Jugend zeigte Nerven. \nSie wollten nat\u00fcrlich ihren 1. Tabellenplatz verteidigen.\nUnd das taten sie auch! Im Nachholwettkampf gg die SG Westersander\/L\u00fcbbertszehn zeigten sie, dass sie auch ausw\u00e4rts gut zurecht kommen und holten sich dort mit einem Wurf die beiden Punkte - und somit auch die vorzeitige Meisterschaft \ud83d\udca5\ud83e\udd73\ud83e\udd73\nAm kommenden Wochenende steht noch ein Nachholwettkampf aus - gebt Gas Jungs und unterstreicht das Ganze nochmal \ud83c\udf89\ud83e\uddbe\n\nDie Frauen war sich allerdings auch einig.\nDie 2. F I Mannschaft behielt Zuhause gg Rechtsupweg einen Punkt w\u00e4hrend die 1. FI in Collrunge einen Z\u00e4hler erarbeiten konnte. Beides super wichtige Punkte, denn beide Mannschaften sind noch im Verfolgerrennen auf den &quot;Nichtabstiegsplatz&quot;. \nDie letzten Wettk\u00e4mpfe m\u00fcssen hier sitzen um die Klasse &amp; Liga zu erhalten \ud83d\ude4f\ud83c\udffc\ud83d\udcab\n\n#kbvmiddels #k\u00e4mpfenbiszumschluss #kopfhochweitergehts #bo\u00dfelnistmeinsport\"><\/a><\/div><\/div><\/li><li class=\"zoom-instagram-widget__item media-icons-normal media-icons-hover\" data-media-type=\"image\"><div class=\"zoom-instagram-widget__item-inner-wrap\"><img class=\"zoom-instagram-link zoom-instagram-link-new\"  data-src=\"https:\/\/www.kbv-middels.de\/WordPress\/wp-content\/uploads\/2017\/07\/640788721_17954128476079880_2295433637569866101_n-320x320.jpg\" data-mfp-src=\"18143605441470982\" width=\"320\" height=\"320\" alt=\"\u26ab \ud83d\udd34  Bo\u00dfelkugel schnappen und los geht\u2019s!\n\nSpiel, Bewegung und ganz viel Spa\u00df beim Hallenbo\u00dfeln f\u00fcr unsere Bambinis.\n\n\ud83d\udc9b Wir freuen uns auf euch!\n\n#hallenbo\u00dfeln #bambinis #kbvmiddels #kindersport\n#vereinsleben\" \/><div class=\"hover-layout zoom-instagram-widget__overlay zoom-instagram-widget__black \"><div class=\"zoom-instagram-icon-wrap\"><a class=\"zoom-svg-instagram-stroke\" href=\"https:\/\/www.instagram.com\/p\/DVEc-RAjStu\/\" rel=\"noopener nofollow\" target=\"_blank\" title=\"\u26ab \ud83d\udd34  Bo\u00dfelkugel schnappen und los geht\u2019s!\n\nSpiel, Bewegung und ganz viel Spa\u00df beim Hallenbo\u00dfeln f\u00fcr unsere Bambinis.\n\n\ud83d\udc9b Wir freuen uns auf euch!\n\n#hallenbo\u00dfeln #bambinis #kbvmiddels #kindersport\n#vereinsleben\"><\/a><\/div><a class=\"zoom-instagram-link\" data-src=\"https:\/\/www.kbv-middels.de\/WordPress\/wp-content\/uploads\/2017\/07\/640788721_17954128476079880_2295433637569866101_n-320x320.jpg\" data-mfp-src=\"18143605441470982\" href=\"https:\/\/www.instagram.com\/p\/DVEc-RAjStu\/\" target=\"_blank\" rel=\"noopener nofollow\" title=\"\u26ab \ud83d\udd34  Bo\u00dfelkugel schnappen und los geht\u2019s!\n\nSpiel, Bewegung und ganz viel Spa\u00df beim Hallenbo\u00dfeln f\u00fcr unsere Bambinis.\n\n\ud83d\udc9b Wir freuen uns auf euch!\n\n#hallenbo\u00dfeln #bambinis #kbvmiddels #kindersport\n#vereinsleben\"><\/a><\/div><\/div><\/li><li class=\"zoom-instagram-widget__item media-icons-normal media-icons-hover\" data-media-type=\"carousel_album\"><div class=\"zoom-instagram-widget__item-inner-wrap\"><img class=\"zoom-instagram-link zoom-instagram-link-new\"  data-src=\"https:\/\/www.kbv-middels.de\/WordPress\/wp-content\/uploads\/2017\/02\/639903007_17953977117079880_1091686674840881812_n-240x320.jpg\" data-mfp-src=\"17856853626566695\" width=\"240\" height=\"320\" alt=\"Update zur 10.-14. Wettkampfwoche \ud83d\udce2\n- Frauenbereich -\n\nAuch hier hat sich nach dem leicht chaotischen R\u00fcckrundenstart so langsam wieder alles eingependelt.\n\nF\u00fcr die Frauen I Mannschaften k\u00f6nnte es aktuell besser aussehen. Die 2.FI fuhr anfangs wichtige Heimpunkte mit 13 Wurf gegen Upgant-Schott und 10 Wurf gegen Menstede-Arle ein, gegen Spekendorf, Leegmoor und Pfalzdorf sollte es jedoch nicht klappen. \nDie Bezirksliga Mannschaft t\u00fctete zwar Heimpunkte gg Ardorf und Reepsholt und ausw\u00e4rts gg Ihlow ein, beim Nachbarn in Spekendorf und in M\u00fcggenkrug schauten sie jedoch auch ins Leere.\nBeide Mannschaften finden sich im Moment auf dem 9. Platz wieder und m\u00fcssen im Endspurt noch ordentlich ackern um nicht in Keller h\u00e4ngen zu bleiben. \u270a\ud83c\udffc\n\nDie FIV Mannschaft hatte bisher nur zwei Wettk\u00e4mpfe, wo jedoch leider keine Punkte f\u00fcr den KBV \u00fcbrig waren...\nAktuell sind sie auf dem 7. Platz.\n\nAuch hier geht&#039;s auf in den Endspurt, oder eher gesagt -  auf wichtige Punktejagd! \n\n#kbvmiddels #aufindenkampf #amendewirdabgerechnet #weitergehts #bo\u00dfelnistmehralsnureinhobby\" \/><div class=\"hover-layout zoom-instagram-widget__overlay zoom-instagram-widget__black \"><svg class=\"svg-icon\" shape-rendering=\"geometricPrecision\"><use xlink:href=\"https:\/\/www.kbv-middels.de\/WordPress\/wp-content\/plugins\/instagram-widget-by-wpzoom\/dist\/images\/frontend\/wpzoom-instagram-icons.svg#carousel_album\"><\/use><\/svg><div class=\"zoom-instagram-icon-wrap\"><a class=\"zoom-svg-instagram-stroke\" href=\"https:\/\/www.instagram.com\/p\/DVBEDLvjcIp\/\" rel=\"noopener nofollow\" target=\"_blank\" title=\"Update zur 10.-14. Wettkampfwoche \ud83d\udce2\n- Frauenbereich -\n\nAuch hier hat sich nach dem leicht chaotischen R\u00fcckrundenstart so langsam wieder alles eingependelt.\n\nF\u00fcr die Frauen I Mannschaften k\u00f6nnte es aktuell besser aussehen. Die 2.FI fuhr anfangs wichtige Heimpunkte mit 13 Wurf gegen Upgant-Schott und 10 Wurf gegen Menstede-Arle ein, gegen Spekendorf, Leegmoor und Pfalzdorf sollte es jedoch nicht klappen. \nDie Bezirksliga Mannschaft t\u00fctete zwar Heimpunkte gg Ardorf und Reepsholt und ausw\u00e4rts gg Ihlow ein, beim Nachbarn in Spekendorf und in M\u00fcggenkrug schauten sie jedoch auch ins Leere.\nBeide Mannschaften finden sich im Moment auf dem 9. Platz wieder und m\u00fcssen im Endspurt noch ordentlich ackern um nicht in Keller h\u00e4ngen zu bleiben. \u270a\ud83c\udffc\n\nDie FIV Mannschaft hatte bisher nur zwei Wettk\u00e4mpfe, wo jedoch leider keine Punkte f\u00fcr den KBV \u00fcbrig waren...\nAktuell sind sie auf dem 7. Platz.\n\nAuch hier geht&#039;s auf in den Endspurt, oder eher gesagt -  auf wichtige Punktejagd! \n\n#kbvmiddels #aufindenkampf #amendewirdabgerechnet #weitergehts #bo\u00dfelnistmehralsnureinhobby\"><\/a><\/div><a class=\"zoom-instagram-link\" data-src=\"https:\/\/www.kbv-middels.de\/WordPress\/wp-content\/uploads\/2017\/02\/639903007_17953977117079880_1091686674840881812_n-240x320.jpg\" data-mfp-src=\"17856853626566695\" href=\"https:\/\/www.instagram.com\/p\/DVBEDLvjcIp\/\" target=\"_blank\" rel=\"noopener nofollow\" title=\"Update zur 10.-14. Wettkampfwoche \ud83d\udce2\n- Frauenbereich -\n\nAuch hier hat sich nach dem leicht chaotischen R\u00fcckrundenstart so langsam wieder alles eingependelt.\n\nF\u00fcr die Frauen I Mannschaften k\u00f6nnte es aktuell besser aussehen. Die 2.FI fuhr anfangs wichtige Heimpunkte mit 13 Wurf gegen Upgant-Schott und 10 Wurf gegen Menstede-Arle ein, gegen Spekendorf, Leegmoor und Pfalzdorf sollte es jedoch nicht klappen. \nDie Bezirksliga Mannschaft t\u00fctete zwar Heimpunkte gg Ardorf und Reepsholt und ausw\u00e4rts gg Ihlow ein, beim Nachbarn in Spekendorf und in M\u00fcggenkrug schauten sie jedoch auch ins Leere.\nBeide Mannschaften finden sich im Moment auf dem 9. Platz wieder und m\u00fcssen im Endspurt noch ordentlich ackern um nicht in Keller h\u00e4ngen zu bleiben. \u270a\ud83c\udffc\n\nDie FIV Mannschaft hatte bisher nur zwei Wettk\u00e4mpfe, wo jedoch leider keine Punkte f\u00fcr den KBV \u00fcbrig waren...\nAktuell sind sie auf dem 7. Platz.\n\nAuch hier geht&#039;s auf in den Endspurt, oder eher gesagt -  auf wichtige Punktejagd! \n\n#kbvmiddels #aufindenkampf #amendewirdabgerechnet #weitergehts #bo\u00dfelnistmehralsnureinhobby\"><\/a><\/div><\/div><\/li><li class=\"zoom-instagram-widget__item media-icons-normal media-icons-hover\" data-media-type=\"carousel_album\"><div class=\"zoom-instagram-widget__item-inner-wrap\"><img class=\"zoom-instagram-link zoom-instagram-link-new\"  data-src=\"https:\/\/www.kbv-middels.de\/WordPress\/wp-content\/uploads\/2024\/03\/639953844_17953874418079880_9160576846625134541_n-240x320.jpg\" data-mfp-src=\"18105146473835406\" width=\"240\" height=\"320\" alt=\"Update zur 10.-14. Wettkampfwoche \ud83d\udce2\n- M\u00e4nnerbereich -\n\nNach dem uns das Wetter einen Knick in den Spielplan gemacht hat, sind die meisten Gruppen wieder auf Stand... \n\nF\u00fcr die MI Truppe gab&#039;s leider nur 3 Pluspunkte zu verzeichnen. In Willen (-13 Wurf) gaben die Gastgeber unseren M\u00e4nnern keine Chance, w\u00e4hrend die anderen Begegnungen eher knapp ausfielen. Lediglich in Victorbur konnten sie nochmal wichtige Ausw\u00e4rtspunkte einfahren und gewannen dort mit 8 Wurf. Bisher platzieren sie sich im gesunden Mittelfeld auf dem 5. Platz.\n\nMII hat die letzten Wochen seine Hausaufgaben gemacht. Solide Heimpunkte gegen Bentstreek (+8 Wurf) und Rechtsupweg (+7) wurden erarbeitet. In Wiesedermeer und Fulkum sollte es jedoch keine Punkte geben. Ein Nachholwettkampf steht noch aus, somit kommt erstmal der 7. Tabellenplatz zustande.\n\nMIV hat ordentlich Gas gegeben und lediglich gegen Leegmoor Federn gelassen. Die restlichen Punkte wurden einget\u00fctet und verhelfen zu einem aktuell 2. Platz \ud83e\uddbe\n\nDie Herren der MV hielten die letzten Wochen die Waage. \n1x verloren, 1x unentschieden und 1x gewonnen - somit stehen sie hier erstmal auf dem 6. Platz. \n\nIn der Jugendabteilung stehen noch einige Nachholwettk\u00e4mpfe aus...\nDie m\u00e4nnl. Jgd. C hat sich hier bisher auf den 2. Platz vorgearbeitet \ud83d\udc4c\ud83c\udffcund bei unserer m\u00e4nnl. B Jgd. sind wir sehr gespannt aufs kommende Wochenende...\n\ud83d\udc49\ud83c\udffc gibt&#039;s hier vllt. die erste Meisterfeier? \ud83e\udd73\ud83d\ude4a\ud83d\udc40\n\nLangsam geht&#039;s somit auf die Zielgerade \ud83e\udd72\n\n#kbvmiddels #endspurt #saisoistzukurz #bo\u00dfelnistmeinsport\" \/><div class=\"hover-layout zoom-instagram-widget__overlay zoom-instagram-widget__black \"><svg class=\"svg-icon\" shape-rendering=\"geometricPrecision\"><use xlink:href=\"https:\/\/www.kbv-middels.de\/WordPress\/wp-content\/plugins\/instagram-widget-by-wpzoom\/dist\/images\/frontend\/wpzoom-instagram-icons.svg#carousel_album\"><\/use><\/svg><div class=\"zoom-instagram-icon-wrap\"><a class=\"zoom-svg-instagram-stroke\" href=\"https:\/\/www.instagram.com\/p\/DU-vGohjUR1\/\" rel=\"noopener nofollow\" target=\"_blank\" title=\"Update zur 10.-14. Wettkampfwoche \ud83d\udce2\n- M\u00e4nnerbereich -\n\nNach dem uns das Wetter einen Knick in den Spielplan gemacht hat, sind die meisten Gruppen wieder auf Stand... \n\nF\u00fcr die MI Truppe gab&#039;s leider nur 3 Pluspunkte zu verzeichnen. In Willen (-13 Wurf) gaben die Gastgeber unseren M\u00e4nnern keine Chance, w\u00e4hrend die anderen Begegnungen eher knapp ausfielen. Lediglich in Victorbur konnten sie nochmal wichtige Ausw\u00e4rtspunkte einfahren und gewannen dort mit 8 Wurf. Bisher platzieren sie sich im gesunden Mittelfeld auf dem 5. Platz.\n\nMII hat die letzten Wochen seine Hausaufgaben gemacht. Solide Heimpunkte gegen Bentstreek (+8 Wurf) und Rechtsupweg (+7) wurden erarbeitet. In Wiesedermeer und Fulkum sollte es jedoch keine Punkte geben. Ein Nachholwettkampf steht noch aus, somit kommt erstmal der 7. Tabellenplatz zustande.\n\nMIV hat ordentlich Gas gegeben und lediglich gegen Leegmoor Federn gelassen. Die restlichen Punkte wurden einget\u00fctet und verhelfen zu einem aktuell 2. Platz \ud83e\uddbe\n\nDie Herren der MV hielten die letzten Wochen die Waage. \n1x verloren, 1x unentschieden und 1x gewonnen - somit stehen sie hier erstmal auf dem 6. Platz. \n\nIn der Jugendabteilung stehen noch einige Nachholwettk\u00e4mpfe aus...\nDie m\u00e4nnl. Jgd. C hat sich hier bisher auf den 2. Platz vorgearbeitet \ud83d\udc4c\ud83c\udffcund bei unserer m\u00e4nnl. B Jgd. sind wir sehr gespannt aufs kommende Wochenende...\n\ud83d\udc49\ud83c\udffc gibt&#039;s hier vllt. die erste Meisterfeier? \ud83e\udd73\ud83d\ude4a\ud83d\udc40\n\nLangsam geht&#039;s somit auf die Zielgerade \ud83e\udd72\n\n#kbvmiddels #endspurt #saisoistzukurz #bo\u00dfelnistmeinsport\"><\/a><\/div><a class=\"zoom-instagram-link\" data-src=\"https:\/\/www.kbv-middels.de\/WordPress\/wp-content\/uploads\/2024\/03\/639953844_17953874418079880_9160576846625134541_n-240x320.jpg\" data-mfp-src=\"18105146473835406\" href=\"https:\/\/www.instagram.com\/p\/DU-vGohjUR1\/\" target=\"_blank\" rel=\"noopener nofollow\" title=\"Update zur 10.-14. Wettkampfwoche \ud83d\udce2\n- M\u00e4nnerbereich -\n\nNach dem uns das Wetter einen Knick in den Spielplan gemacht hat, sind die meisten Gruppen wieder auf Stand... \n\nF\u00fcr die MI Truppe gab&#039;s leider nur 3 Pluspunkte zu verzeichnen. In Willen (-13 Wurf) gaben die Gastgeber unseren M\u00e4nnern keine Chance, w\u00e4hrend die anderen Begegnungen eher knapp ausfielen. Lediglich in Victorbur konnten sie nochmal wichtige Ausw\u00e4rtspunkte einfahren und gewannen dort mit 8 Wurf. Bisher platzieren sie sich im gesunden Mittelfeld auf dem 5. Platz.\n\nMII hat die letzten Wochen seine Hausaufgaben gemacht. Solide Heimpunkte gegen Bentstreek (+8 Wurf) und Rechtsupweg (+7) wurden erarbeitet. In Wiesedermeer und Fulkum sollte es jedoch keine Punkte geben. Ein Nachholwettkampf steht noch aus, somit kommt erstmal der 7. Tabellenplatz zustande.\n\nMIV hat ordentlich Gas gegeben und lediglich gegen Leegmoor Federn gelassen. Die restlichen Punkte wurden einget\u00fctet und verhelfen zu einem aktuell 2. Platz \ud83e\uddbe\n\nDie Herren der MV hielten die letzten Wochen die Waage. \n1x verloren, 1x unentschieden und 1x gewonnen - somit stehen sie hier erstmal auf dem 6. Platz. \n\nIn der Jugendabteilung stehen noch einige Nachholwettk\u00e4mpfe aus...\nDie m\u00e4nnl. Jgd. C hat sich hier bisher auf den 2. Platz vorgearbeitet \ud83d\udc4c\ud83c\udffcund bei unserer m\u00e4nnl. B Jgd. sind wir sehr gespannt aufs kommende Wochenende...\n\ud83d\udc49\ud83c\udffc gibt&#039;s hier vllt. die erste Meisterfeier? \ud83e\udd73\ud83d\ude4a\ud83d\udc40\n\nLangsam geht&#039;s somit auf die Zielgerade \ud83e\udd72\n\n#kbvmiddels #endspurt #saisoistzukurz #bo\u00dfelnistmeinsport\"><\/a><\/div><\/div><\/li><\/ul><\/div><div class=\"wpz-insta-lightbox-wrapper mfp-hide\"><div class=\"swiper\"><div class=\"swiper-wrapper\"><div data-uid=\"18127281805813800\" class=\"swiper-slide wpz-insta-lightbox-item\"><div class=\"wpz-insta-lightbox\"><div class=\"image-wrapper\"><div class=\"swiper\" style=\"height: 100%;\"><div class=\"swiper-wrapper wpz-insta-album-images\"><div class=\"swiper-slide wpz-insta-album-image\" data-media-type=\"image\"><img class=\"wpzoom-swiper-image swiper-lazy\" data-src=\"https:\/\/scontent-fra5-1.cdninstagram.com\/v\/t51.82787-15\/791942688_17980198782079880_6582028186517047600_n.jpg?stp=dst-jpg_e35_tt6&#038;_nc_cat=100&#038;ccb=7-5&#038;_nc_sid=18de74&#038;efg=eyJlZmdfdGFnIjoiQ0FST1VTRUxfSVRFTS5iZXN0X2ltYWdlX3VybGdlbi5DMyJ9&#038;_nc_ohc=4hKQW6yI_voQ7kNvwFRxTvS&#038;_nc_oc=Adp8dGhYOKXOKIVfK_fu_Bflo3NJjmAtjjAAyQhMwr5rA_x6B5ulPdhFumww38bQeeI&#038;_nc_zt=23&#038;_nc_ht=scontent-fra5-1.cdninstagram.com&#038;edm=ANo9K5cEAAAA&#038;_nc_gid=uK57epsa_bu5sgeJQjxhUA&#038;_nc_tpa=Q5bMBQJEuvT7ls6D79z6TZSR7B7m7XzgvnhSB2hiGFmiQUo5Wbk_BW7LoAPdgK3TLjD7V8OCkG79f5i5&#038;oh=00_AQJH6nWA5FzrdvyTny3uVe2AqC3CKodN1DNx909GJCZmtg&#038;oe=6A9C7AB2\" alt=\"\ud83d\udca6 Dreck, Fun &amp; Teamgeist \u2013 unsere Jugend beim VullWatMannsLoop! \ud83d\udcaa\ud83c\udffc\n\nW\u00e4hrend der Bo\u00dfelsaison entstand bei unserer weiblichen B-Jugend die spontane Idee, beim VullWatMannsLoop in Logabirum mitzumachen. Unsere m\u00e4nnliche B-Jugend lie\u00df sich das nicht zweimal sagen und war direkt mit dabei! \ud83d\ude04 Auch die Betreuerinnen Ina und Monja wurden kurzerhand mit ins Boot geholt.\n\nAm 30. August war es dann soweit: Ab in den Matsch! \ud83d\udca6\ud83c\udfc3\ud83c\udffc\u200d\u2640\ufe0f\ud83c\udfc3\ud83c\udffc\u200d\u2642\ufe0f Jede Menge Schlamm, Hindernisse und k\u00f6rperliche Anstrengung sorgten vor allem f\u00fcr eins \u2013 richtig viel Spa\u00df!\ud83e\udd0e\n\nAnschlie\u00dfend ging es zur wohlverdienten St\u00e4rkung mit reichlich Partypizza ins Vereinsheim. \ud83c\udf55\ud83d\ude0b\n\nAm Ende waren sich alle einig: N\u00e4chstes Jahr sind wir definitiv wieder am Start! \ud83d\ude4c\ud83c\udffc Und wer wei\u00df , vielleicht entwickelt sich daraus ja bald eine feste Vereinsveranstaltung. \ud83d\ude04\ud83d\udd34\u26ab\ufe0f\n\n#KBVMiddels #VullWatMannsLoop #Jugend #Teamgeist\"\/><div class=\"swiper-lazy-preloader swiper-lazy-preloader-white\"><\/div><\/div><div class=\"swiper-slide wpz-insta-album-image\" data-media-type=\"image\"><img class=\"wpzoom-swiper-image swiper-lazy\" data-src=\"https:\/\/scontent-fra5-2.cdninstagram.com\/v\/t51.82787-15\/791889057_17980198794079880_7067574714653673365_n.jpg?stp=dst-jpg_e35_tt6&#038;_nc_cat=109&#038;ccb=7-5&#038;_nc_sid=18de74&#038;efg=eyJlZmdfdGFnIjoiQ0FST1VTRUxfSVRFTS5iZXN0X2ltYWdlX3VybGdlbi5DMyJ9&#038;_nc_ohc=3zTqxwkrWfsQ7kNvwE42zyo&#038;_nc_oc=AdpC2lAL0pwi4i_npKPArJf1I05X-FUSTdniO1FN9ZFEtd-THyU-JXkNSMVIIOx2QbA&#038;_nc_zt=23&#038;_nc_ht=scontent-fra5-2.cdninstagram.com&#038;edm=ANo9K5cEAAAA&#038;_nc_gid=uK57epsa_bu5sgeJQjxhUA&#038;_nc_tpa=Q5bMBQJvmJL3m5FLL7emD_odivwGU7t2jqvepJ5lAYoyWGCRpRvlCAQqsEbjWhsEfJInScNwztOGCQgs&#038;oh=00_AQKoW_C91WU8mR-Cm-tboLmoXLe3RUov0Q-YcJLf6TMaMg&#038;oe=6A9C4A5F\" alt=\"\ud83d\udca6 Dreck, Fun &amp; Teamgeist \u2013 unsere Jugend beim VullWatMannsLoop! \ud83d\udcaa\ud83c\udffc\n\nW\u00e4hrend der Bo\u00dfelsaison entstand bei unserer weiblichen B-Jugend die spontane Idee, beim VullWatMannsLoop in Logabirum mitzumachen. Unsere m\u00e4nnliche B-Jugend lie\u00df sich das nicht zweimal sagen und war direkt mit dabei! \ud83d\ude04 Auch die Betreuerinnen Ina und Monja wurden kurzerhand mit ins Boot geholt.\n\nAm 30. August war es dann soweit: Ab in den Matsch! \ud83d\udca6\ud83c\udfc3\ud83c\udffc\u200d\u2640\ufe0f\ud83c\udfc3\ud83c\udffc\u200d\u2642\ufe0f Jede Menge Schlamm, Hindernisse und k\u00f6rperliche Anstrengung sorgten vor allem f\u00fcr eins \u2013 richtig viel Spa\u00df!\ud83e\udd0e\n\nAnschlie\u00dfend ging es zur wohlverdienten St\u00e4rkung mit reichlich Partypizza ins Vereinsheim. \ud83c\udf55\ud83d\ude0b\n\nAm Ende waren sich alle einig: N\u00e4chstes Jahr sind wir definitiv wieder am Start! \ud83d\ude4c\ud83c\udffc Und wer wei\u00df , vielleicht entwickelt sich daraus ja bald eine feste Vereinsveranstaltung. \ud83d\ude04\ud83d\udd34\u26ab\ufe0f\n\n#KBVMiddels #VullWatMannsLoop #Jugend #Teamgeist\"\/><div class=\"swiper-lazy-preloader swiper-lazy-preloader-white\"><\/div><\/div><div class=\"swiper-slide wpz-insta-album-image\" data-media-type=\"image\"><img class=\"wpzoom-swiper-image swiper-lazy\" data-src=\"https:\/\/scontent-fra5-1.cdninstagram.com\/v\/t51.82787-15\/791659854_17980198845079880_7887793153011797410_n.jpg?stp=dst-jpg_e35_tt6&#038;_nc_cat=102&#038;ccb=7-5&#038;_nc_sid=18de74&#038;efg=eyJlZmdfdGFnIjoiQ0FST1VTRUxfSVRFTS5iZXN0X2ltYWdlX3VybGdlbi5DMyJ9&#038;_nc_ohc=YQjN8IVCzHcQ7kNvwEZc05R&#038;_nc_oc=AdoDVi6gE5TzIWyC9ZE8bcO712KRTl19DXuUFkfBwcTiK8XWchejZA7jx1JFl9y-bj4&#038;_nc_zt=23&#038;_nc_ht=scontent-fra5-1.cdninstagram.com&#038;edm=ANo9K5cEAAAA&#038;_nc_gid=uK57epsa_bu5sgeJQjxhUA&#038;_nc_tpa=Q5bMBQIZ1tHEzb5wrImLOf9unVHW_tECzVj_8xS34G-cYo0PNwukpf-oAoZz9VLR3m9OFsrtUFr7o741&#038;oh=00_AQJ3etqcfrQkZfpxNjBJSfKdAxYo2aqsZBtenxID_PUklw&#038;oe=6A9C4752\" alt=\"\ud83d\udca6 Dreck, Fun &amp; Teamgeist \u2013 unsere Jugend beim VullWatMannsLoop! \ud83d\udcaa\ud83c\udffc\n\nW\u00e4hrend der Bo\u00dfelsaison entstand bei unserer weiblichen B-Jugend die spontane Idee, beim VullWatMannsLoop in Logabirum mitzumachen. Unsere m\u00e4nnliche B-Jugend lie\u00df sich das nicht zweimal sagen und war direkt mit dabei! \ud83d\ude04 Auch die Betreuerinnen Ina und Monja wurden kurzerhand mit ins Boot geholt.\n\nAm 30. August war es dann soweit: Ab in den Matsch! \ud83d\udca6\ud83c\udfc3\ud83c\udffc\u200d\u2640\ufe0f\ud83c\udfc3\ud83c\udffc\u200d\u2642\ufe0f Jede Menge Schlamm, Hindernisse und k\u00f6rperliche Anstrengung sorgten vor allem f\u00fcr eins \u2013 richtig viel Spa\u00df!\ud83e\udd0e\n\nAnschlie\u00dfend ging es zur wohlverdienten St\u00e4rkung mit reichlich Partypizza ins Vereinsheim. \ud83c\udf55\ud83d\ude0b\n\nAm Ende waren sich alle einig: N\u00e4chstes Jahr sind wir definitiv wieder am Start! \ud83d\ude4c\ud83c\udffc Und wer wei\u00df , vielleicht entwickelt sich daraus ja bald eine feste Vereinsveranstaltung. \ud83d\ude04\ud83d\udd34\u26ab\ufe0f\n\n#KBVMiddels #VullWatMannsLoop #Jugend #Teamgeist\"\/><div class=\"swiper-lazy-preloader swiper-lazy-preloader-white\"><\/div><\/div><div class=\"swiper-slide wpz-insta-album-image\" data-media-type=\"image\"><img class=\"wpzoom-swiper-image swiper-lazy\" data-src=\"https:\/\/scontent-fra3-2.cdninstagram.com\/v\/t51.82787-15\/791586587_17980198821079880_6189805298829494084_n.jpg?stp=dst-jpg_e35_tt6&#038;_nc_cat=104&#038;ccb=7-5&#038;_nc_sid=18de74&#038;efg=eyJlZmdfdGFnIjoiQ0FST1VTRUxfSVRFTS5iZXN0X2ltYWdlX3VybGdlbi5DMyJ9&#038;_nc_ohc=rq2zglecXbEQ7kNvwElAuRk&#038;_nc_oc=Adq0bEJKEtIpYvNS3araoh2zWTH8Cnxej7RyyeyUxRQE2HYTGa2t3M-1CCoNtR4rcYE&#038;_nc_zt=23&#038;_nc_ht=scontent-fra3-2.cdninstagram.com&#038;edm=ANo9K5cEAAAA&#038;_nc_gid=uK57epsa_bu5sgeJQjxhUA&#038;_nc_tpa=Q5bMBQKFzLsZPG_UcR9SvjG72jqZKXOlIASlPAoVz-TwpqvltgfXBHQMSpOWEMHXjrchTymfmKgkKzNF&#038;oh=00_AQJmy-OWnhPbu3KGkzNKwtae7trWLHIWNM77gkOXtv2nXw&#038;oe=6A9C60A2\" alt=\"\ud83d\udca6 Dreck, Fun &amp; Teamgeist \u2013 unsere Jugend beim VullWatMannsLoop! \ud83d\udcaa\ud83c\udffc\n\nW\u00e4hrend der Bo\u00dfelsaison entstand bei unserer weiblichen B-Jugend die spontane Idee, beim VullWatMannsLoop in Logabirum mitzumachen. Unsere m\u00e4nnliche B-Jugend lie\u00df sich das nicht zweimal sagen und war direkt mit dabei! \ud83d\ude04 Auch die Betreuerinnen Ina und Monja wurden kurzerhand mit ins Boot geholt.\n\nAm 30. August war es dann soweit: Ab in den Matsch! \ud83d\udca6\ud83c\udfc3\ud83c\udffc\u200d\u2640\ufe0f\ud83c\udfc3\ud83c\udffc\u200d\u2642\ufe0f Jede Menge Schlamm, Hindernisse und k\u00f6rperliche Anstrengung sorgten vor allem f\u00fcr eins \u2013 richtig viel Spa\u00df!\ud83e\udd0e\n\nAnschlie\u00dfend ging es zur wohlverdienten St\u00e4rkung mit reichlich Partypizza ins Vereinsheim. \ud83c\udf55\ud83d\ude0b\n\nAm Ende waren sich alle einig: N\u00e4chstes Jahr sind wir definitiv wieder am Start! \ud83d\ude4c\ud83c\udffc Und wer wei\u00df , vielleicht entwickelt sich daraus ja bald eine feste Vereinsveranstaltung. \ud83d\ude04\ud83d\udd34\u26ab\ufe0f\n\n#KBVMiddels #VullWatMannsLoop #Jugend #Teamgeist\"\/><div class=\"swiper-lazy-preloader swiper-lazy-preloader-white\"><\/div><\/div><div class=\"swiper-slide wpz-insta-album-image\" data-media-type=\"image\"><img class=\"wpzoom-swiper-image swiper-lazy\" data-src=\"https:\/\/scontent-fra3-1.cdninstagram.com\/v\/t51.82787-15\/791844604_17980198809079880_2284264818064948354_n.jpg?stp=dst-jpg_e35_tt6&#038;_nc_cat=105&#038;ccb=7-5&#038;_nc_sid=18de74&#038;efg=eyJlZmdfdGFnIjoiQ0FST1VTRUxfSVRFTS5iZXN0X2ltYWdlX3VybGdlbi5DMyJ9&#038;_nc_ohc=60fyu1EcibgQ7kNvwEvZEuN&#038;_nc_oc=Adr3zwpQkyCvMn-h5jeLx6svu5WA5HRrjkp4wvL44HwDzJRctnlDVsAaKZo-tlrQcJk&#038;_nc_zt=23&#038;_nc_ht=scontent-fra3-1.cdninstagram.com&#038;edm=ANo9K5cEAAAA&#038;_nc_gid=uK57epsa_bu5sgeJQjxhUA&#038;_nc_tpa=Q5bMBQKS9WR3kKxN2Rdr0e189QL2euRuAqkdeEhy54Mop2WUalnbCWrOp1YNepV2oJ6oPi3vR3d9kgOj&#038;oh=00_AQLjWSpbXeHV9Lzg6rpn6DWOeKEjZysRqIwG0gPXu3UKBw&#038;oe=6A9C4CB1\" alt=\"\ud83d\udca6 Dreck, Fun &amp; Teamgeist \u2013 unsere Jugend beim VullWatMannsLoop! \ud83d\udcaa\ud83c\udffc\n\nW\u00e4hrend der Bo\u00dfelsaison entstand bei unserer weiblichen B-Jugend die spontane Idee, beim VullWatMannsLoop in Logabirum mitzumachen. Unsere m\u00e4nnliche B-Jugend lie\u00df sich das nicht zweimal sagen und war direkt mit dabei! \ud83d\ude04 Auch die Betreuerinnen Ina und Monja wurden kurzerhand mit ins Boot geholt.\n\nAm 30. August war es dann soweit: Ab in den Matsch! \ud83d\udca6\ud83c\udfc3\ud83c\udffc\u200d\u2640\ufe0f\ud83c\udfc3\ud83c\udffc\u200d\u2642\ufe0f Jede Menge Schlamm, Hindernisse und k\u00f6rperliche Anstrengung sorgten vor allem f\u00fcr eins \u2013 richtig viel Spa\u00df!\ud83e\udd0e\n\nAnschlie\u00dfend ging es zur wohlverdienten St\u00e4rkung mit reichlich Partypizza ins Vereinsheim. \ud83c\udf55\ud83d\ude0b\n\nAm Ende waren sich alle einig: N\u00e4chstes Jahr sind wir definitiv wieder am Start! \ud83d\ude4c\ud83c\udffc Und wer wei\u00df , vielleicht entwickelt sich daraus ja bald eine feste Vereinsveranstaltung. \ud83d\ude04\ud83d\udd34\u26ab\ufe0f\n\n#KBVMiddels #VullWatMannsLoop #Jugend #Teamgeist\"\/><div class=\"swiper-lazy-preloader swiper-lazy-preloader-white\"><\/div><\/div><div class=\"swiper-slide wpz-insta-album-image\" data-media-type=\"image\"><img class=\"wpzoom-swiper-image swiper-lazy\" data-src=\"https:\/\/scontent-fra5-2.cdninstagram.com\/v\/t51.82787-15\/790475996_17980198857079880_5970393008905872158_n.jpg?stp=dst-jpg_e35_tt6&#038;_nc_cat=109&#038;ccb=7-5&#038;_nc_sid=18de74&#038;efg=eyJlZmdfdGFnIjoiQ0FST1VTRUxfSVRFTS5iZXN0X2ltYWdlX3VybGdlbi5DMyJ9&#038;_nc_ohc=peqBCvSsk1EQ7kNvwFxtcO2&#038;_nc_oc=Adp24GIUaZRqqX7JAipKKO-RPlSmhdjvND1O6cV8BEqUP_H6NFCH2IbU2DtxfIZpOQ8&#038;_nc_zt=23&#038;_nc_ht=scontent-fra5-2.cdninstagram.com&#038;edm=ANo9K5cEAAAA&#038;_nc_gid=uK57epsa_bu5sgeJQjxhUA&#038;_nc_tpa=Q5bMBQLn9Ffxm1_QIUZeM2fUerTdxUKQfNAM3WbGBNoiPrIqYFVGWHmgl3t4z_-7X9KqKBKvZeYnOBTS&#038;oh=00_AQI9EoRU-iydiVkpa5XZ6KeYeybVO5QAVhA_kZLizQ_lZQ&#038;oe=6A9C5ADC\" alt=\"\ud83d\udca6 Dreck, Fun &amp; Teamgeist \u2013 unsere Jugend beim VullWatMannsLoop! \ud83d\udcaa\ud83c\udffc\n\nW\u00e4hrend der Bo\u00dfelsaison entstand bei unserer weiblichen B-Jugend die spontane Idee, beim VullWatMannsLoop in Logabirum mitzumachen. Unsere m\u00e4nnliche B-Jugend lie\u00df sich das nicht zweimal sagen und war direkt mit dabei! \ud83d\ude04 Auch die Betreuerinnen Ina und Monja wurden kurzerhand mit ins Boot geholt.\n\nAm 30. August war es dann soweit: Ab in den Matsch! \ud83d\udca6\ud83c\udfc3\ud83c\udffc\u200d\u2640\ufe0f\ud83c\udfc3\ud83c\udffc\u200d\u2642\ufe0f Jede Menge Schlamm, Hindernisse und k\u00f6rperliche Anstrengung sorgten vor allem f\u00fcr eins \u2013 richtig viel Spa\u00df!\ud83e\udd0e\n\nAnschlie\u00dfend ging es zur wohlverdienten St\u00e4rkung mit reichlich Partypizza ins Vereinsheim. \ud83c\udf55\ud83d\ude0b\n\nAm Ende waren sich alle einig: N\u00e4chstes Jahr sind wir definitiv wieder am Start! \ud83d\ude4c\ud83c\udffc Und wer wei\u00df , vielleicht entwickelt sich daraus ja bald eine feste Vereinsveranstaltung. \ud83d\ude04\ud83d\udd34\u26ab\ufe0f\n\n#KBVMiddels #VullWatMannsLoop #Jugend #Teamgeist\"\/><div class=\"swiper-lazy-preloader swiper-lazy-preloader-white\"><\/div><\/div><div class=\"swiper-slide wpz-insta-album-image\" data-media-type=\"image\"><img class=\"wpzoom-swiper-image swiper-lazy\" data-src=\"https:\/\/scontent-fra5-1.cdninstagram.com\/v\/t51.82787-15\/790791745_17980198833079880_3543966810000673399_n.jpg?stp=dst-jpg_e35_tt6&#038;_nc_cat=110&#038;ccb=7-5&#038;_nc_sid=18de74&#038;efg=eyJlZmdfdGFnIjoiQ0FST1VTRUxfSVRFTS5iZXN0X2ltYWdlX3VybGdlbi5DMyJ9&#038;_nc_ohc=pML9VK90miEQ7kNvwGj0Lj4&#038;_nc_oc=AdokF-BgBfbPm6DcF7fATb76TEIuCaYBj7WYhJM6Ij9uy6OPgKt7q4k2in6JInrUSLg&#038;_nc_zt=23&#038;_nc_ht=scontent-fra5-1.cdninstagram.com&#038;edm=ANo9K5cEAAAA&#038;_nc_gid=uK57epsa_bu5sgeJQjxhUA&#038;_nc_tpa=Q5bMBQKzdX37KKBoDXUryfqSipDzb8lYAFW_uNdNfEbknCCW28gE0fZHnv_Yn6ZQajAPgAJoDdtHmx2W&#038;oh=00_AQKLRVpbu_2E4yMz5Ij8PZugRyjJ22mbvEswT3S4yVDqRw&#038;oe=6A9C75D9\" alt=\"\ud83d\udca6 Dreck, Fun &amp; Teamgeist \u2013 unsere Jugend beim VullWatMannsLoop! \ud83d\udcaa\ud83c\udffc\n\nW\u00e4hrend der Bo\u00dfelsaison entstand bei unserer weiblichen B-Jugend die spontane Idee, beim VullWatMannsLoop in Logabirum mitzumachen. Unsere m\u00e4nnliche B-Jugend lie\u00df sich das nicht zweimal sagen und war direkt mit dabei! \ud83d\ude04 Auch die Betreuerinnen Ina und Monja wurden kurzerhand mit ins Boot geholt.\n\nAm 30. August war es dann soweit: Ab in den Matsch! \ud83d\udca6\ud83c\udfc3\ud83c\udffc\u200d\u2640\ufe0f\ud83c\udfc3\ud83c\udffc\u200d\u2642\ufe0f Jede Menge Schlamm, Hindernisse und k\u00f6rperliche Anstrengung sorgten vor allem f\u00fcr eins \u2013 richtig viel Spa\u00df!\ud83e\udd0e\n\nAnschlie\u00dfend ging es zur wohlverdienten St\u00e4rkung mit reichlich Partypizza ins Vereinsheim. \ud83c\udf55\ud83d\ude0b\n\nAm Ende waren sich alle einig: N\u00e4chstes Jahr sind wir definitiv wieder am Start! \ud83d\ude4c\ud83c\udffc Und wer wei\u00df , vielleicht entwickelt sich daraus ja bald eine feste Vereinsveranstaltung. \ud83d\ude04\ud83d\udd34\u26ab\ufe0f\n\n#KBVMiddels #VullWatMannsLoop #Jugend #Teamgeist\"\/><div class=\"swiper-lazy-preloader swiper-lazy-preloader-white\"><\/div><\/div><div class=\"swiper-slide wpz-insta-album-image\" data-media-type=\"image\"><img class=\"wpzoom-swiper-image swiper-lazy\" data-src=\"https:\/\/scontent-fra3-1.cdninstagram.com\/v\/t51.82787-15\/791043174_17980198872079880_1961931475020361907_n.jpg?stp=dst-jpg_e35_tt6&#038;_nc_cat=108&#038;ccb=7-5&#038;_nc_sid=18de74&#038;efg=eyJlZmdfdGFnIjoiQ0FST1VTRUxfSVRFTS5iZXN0X2ltYWdlX3VybGdlbi5DMyJ9&#038;_nc_ohc=N1gaO04fgNsQ7kNvwGBA5ev&#038;_nc_oc=Adqw6gscb22jw5D1ecDZhMBnUSVtEWpgH1aJyYCM44pmOiexVsSxudh5qS54uM0PU6g&#038;_nc_zt=23&#038;_nc_ht=scontent-fra3-1.cdninstagram.com&#038;edm=ANo9K5cEAAAA&#038;_nc_gid=uK57epsa_bu5sgeJQjxhUA&#038;_nc_tpa=Q5bMBQKAXMi3tvkQ5Lzsu6VPvc1tD7vZpA7VtAZyHDTJaP6VDLNY9xNirtzVxNahB5LKq4WQxQdu_Cpt&#038;oh=00_AQLjaGbugRQhrDspvA6WC0wSavp9QN3UUSikaha1q9vlwQ&#038;oe=6A9C4DD5\" alt=\"\ud83d\udca6 Dreck, Fun &amp; Teamgeist \u2013 unsere Jugend beim VullWatMannsLoop! \ud83d\udcaa\ud83c\udffc\n\nW\u00e4hrend der Bo\u00dfelsaison entstand bei unserer weiblichen B-Jugend die spontane Idee, beim VullWatMannsLoop in Logabirum mitzumachen. Unsere m\u00e4nnliche B-Jugend lie\u00df sich das nicht zweimal sagen und war direkt mit dabei! \ud83d\ude04 Auch die Betreuerinnen Ina und Monja wurden kurzerhand mit ins Boot geholt.\n\nAm 30. August war es dann soweit: Ab in den Matsch! \ud83d\udca6\ud83c\udfc3\ud83c\udffc\u200d\u2640\ufe0f\ud83c\udfc3\ud83c\udffc\u200d\u2642\ufe0f Jede Menge Schlamm, Hindernisse und k\u00f6rperliche Anstrengung sorgten vor allem f\u00fcr eins \u2013 richtig viel Spa\u00df!\ud83e\udd0e\n\nAnschlie\u00dfend ging es zur wohlverdienten St\u00e4rkung mit reichlich Partypizza ins Vereinsheim. \ud83c\udf55\ud83d\ude0b\n\nAm Ende waren sich alle einig: N\u00e4chstes Jahr sind wir definitiv wieder am Start! \ud83d\ude4c\ud83c\udffc Und wer wei\u00df , vielleicht entwickelt sich daraus ja bald eine feste Vereinsveranstaltung. \ud83d\ude04\ud83d\udd34\u26ab\ufe0f\n\n#KBVMiddels #VullWatMannsLoop #Jugend #Teamgeist\"\/><div class=\"swiper-lazy-preloader swiper-lazy-preloader-white\"><\/div><\/div><div class=\"swiper-slide wpz-insta-album-image\" data-media-type=\"image\"><img class=\"wpzoom-swiper-image swiper-lazy\" data-src=\"https:\/\/scontent-fra3-2.cdninstagram.com\/v\/t51.82787-15\/792323971_17980198896079880_8900218943149674527_n.jpg?stp=dst-jpg_e35_tt6&#038;_nc_cat=104&#038;ccb=7-5&#038;_nc_sid=18de74&#038;efg=eyJlZmdfdGFnIjoiQ0FST1VTRUxfSVRFTS5iZXN0X2ltYWdlX3VybGdlbi5DMyJ9&#038;_nc_ohc=LtA_rQFEr24Q7kNvwF72-8A&#038;_nc_oc=AdqmcjdbMDZteQIDQGkykQQuxrd3HZe6__KuFkf3wsUC1jIt78oE3k9dfwp07gyYipQ&#038;_nc_zt=23&#038;_nc_ht=scontent-fra3-2.cdninstagram.com&#038;edm=ANo9K5cEAAAA&#038;_nc_gid=uK57epsa_bu5sgeJQjxhUA&#038;_nc_tpa=Q5bMBQIc1_BIMZC1OgWJLUSDDvxz0bBrt9Bd4o3L1ysFINkccjYtl4XOe8LsI2R0kLme2MNM6ulkirI-&#038;oh=00_AQJAJVp0p0qoUpYC0cSZN6HKqo0O_4mxjur7Dc9AObUe7Q&#038;oe=6A9C5302\" alt=\"\ud83d\udca6 Dreck, Fun &amp; Teamgeist \u2013 unsere Jugend beim VullWatMannsLoop! \ud83d\udcaa\ud83c\udffc\n\nW\u00e4hrend der Bo\u00dfelsaison entstand bei unserer weiblichen B-Jugend die spontane Idee, beim VullWatMannsLoop in Logabirum mitzumachen. Unsere m\u00e4nnliche B-Jugend lie\u00df sich das nicht zweimal sagen und war direkt mit dabei! \ud83d\ude04 Auch die Betreuerinnen Ina und Monja wurden kurzerhand mit ins Boot geholt.\n\nAm 30. August war es dann soweit: Ab in den Matsch! \ud83d\udca6\ud83c\udfc3\ud83c\udffc\u200d\u2640\ufe0f\ud83c\udfc3\ud83c\udffc\u200d\u2642\ufe0f Jede Menge Schlamm, Hindernisse und k\u00f6rperliche Anstrengung sorgten vor allem f\u00fcr eins \u2013 richtig viel Spa\u00df!\ud83e\udd0e\n\nAnschlie\u00dfend ging es zur wohlverdienten St\u00e4rkung mit reichlich Partypizza ins Vereinsheim. \ud83c\udf55\ud83d\ude0b\n\nAm Ende waren sich alle einig: N\u00e4chstes Jahr sind wir definitiv wieder am Start! \ud83d\ude4c\ud83c\udffc Und wer wei\u00df , vielleicht entwickelt sich daraus ja bald eine feste Vereinsveranstaltung. \ud83d\ude04\ud83d\udd34\u26ab\ufe0f\n\n#KBVMiddels #VullWatMannsLoop #Jugend #Teamgeist\"\/><div class=\"swiper-lazy-preloader swiper-lazy-preloader-white\"><\/div><\/div><div class=\"swiper-slide wpz-insta-album-image\" data-media-type=\"image\"><img class=\"wpzoom-swiper-image swiper-lazy\" data-src=\"https:\/\/scontent-fra3-1.cdninstagram.com\/v\/t51.82787-15\/792053319_17980198875079880_3405889182683708825_n.jpg?stp=dst-jpg_e35_tt6&#038;_nc_cat=108&#038;ccb=7-5&#038;_nc_sid=18de74&#038;efg=eyJlZmdfdGFnIjoiQ0FST1VTRUxfSVRFTS5iZXN0X2ltYWdlX3VybGdlbi5DMyJ9&#038;_nc_ohc=HFeHqj8tx7gQ7kNvwFFjL-y&#038;_nc_oc=AdpX-K64rqODuLjtopwLhspU3fCYpBdBaAuPwez3VhbwwjYtLrmuds0agoaqkGwRMds&#038;_nc_zt=23&#038;_nc_ht=scontent-fra3-1.cdninstagram.com&#038;edm=ANo9K5cEAAAA&#038;_nc_gid=uK57epsa_bu5sgeJQjxhUA&#038;_nc_tpa=Q5bMBQJVuxAcfoC3B-ffYWlXo_IkF38zTTGjh7Y7k8z6ttDhPYfyJNLSM1ni-KhmpL6d7DXAaJWvBHqe&#038;oh=00_AQJA2juXt5mt62XOh1FH_bu4lQFktTMLp9e0yavtc8t-yA&#038;oe=6A9C6DD1\" alt=\"\ud83d\udca6 Dreck, Fun &amp; Teamgeist \u2013 unsere Jugend beim VullWatMannsLoop! \ud83d\udcaa\ud83c\udffc\n\nW\u00e4hrend der Bo\u00dfelsaison entstand bei unserer weiblichen B-Jugend die spontane Idee, beim VullWatMannsLoop in Logabirum mitzumachen. Unsere m\u00e4nnliche B-Jugend lie\u00df sich das nicht zweimal sagen und war direkt mit dabei! \ud83d\ude04 Auch die Betreuerinnen Ina und Monja wurden kurzerhand mit ins Boot geholt.\n\nAm 30. August war es dann soweit: Ab in den Matsch! \ud83d\udca6\ud83c\udfc3\ud83c\udffc\u200d\u2640\ufe0f\ud83c\udfc3\ud83c\udffc\u200d\u2642\ufe0f Jede Menge Schlamm, Hindernisse und k\u00f6rperliche Anstrengung sorgten vor allem f\u00fcr eins \u2013 richtig viel Spa\u00df!\ud83e\udd0e\n\nAnschlie\u00dfend ging es zur wohlverdienten St\u00e4rkung mit reichlich Partypizza ins Vereinsheim. \ud83c\udf55\ud83d\ude0b\n\nAm Ende waren sich alle einig: N\u00e4chstes Jahr sind wir definitiv wieder am Start! \ud83d\ude4c\ud83c\udffc Und wer wei\u00df , vielleicht entwickelt sich daraus ja bald eine feste Vereinsveranstaltung. \ud83d\ude04\ud83d\udd34\u26ab\ufe0f\n\n#KBVMiddels #VullWatMannsLoop #Jugend #Teamgeist\"\/><div class=\"swiper-lazy-preloader swiper-lazy-preloader-white\"><\/div><\/div><div class=\"swiper-slide wpz-insta-album-image\" data-media-type=\"image\"><img class=\"wpzoom-swiper-image swiper-lazy\" data-src=\"https:\/\/scontent-fra5-1.cdninstagram.com\/v\/t51.82787-15\/791837176_17980198947079880_4535407321478376056_n.jpg?stp=dst-jpg_e35_tt6&#038;_nc_cat=110&#038;ccb=7-5&#038;_nc_sid=18de74&#038;efg=eyJlZmdfdGFnIjoiQ0FST1VTRUxfSVRFTS5iZXN0X2ltYWdlX3VybGdlbi5DMyJ9&#038;_nc_ohc=pOp5k9e14rsQ7kNvwGet1fL&#038;_nc_oc=AdqeGzYAZ4PxPrrGAK0xAZQo8PZdHvoAT7FOQEIiureIb0ihr9EeQ3qQdMViHulvPao&#038;_nc_zt=23&#038;_nc_ht=scontent-fra5-1.cdninstagram.com&#038;edm=ANo9K5cEAAAA&#038;_nc_gid=uK57epsa_bu5sgeJQjxhUA&#038;_nc_tpa=Q5bMBQKIpK8TTKGlf5IIwNAv3mjecWPcDZUOD4SPKj4k5SDp0zGYgCERuD9nLr8aZavy2jH6WFJ6yLJx&#038;oh=00_AQLozrJdyAZJCnqL6RJtFNs4-4X3bXOtb84YJTPV0nmqVA&#038;oe=6A9C67C3\" alt=\"\ud83d\udca6 Dreck, Fun &amp; Teamgeist \u2013 unsere Jugend beim VullWatMannsLoop! \ud83d\udcaa\ud83c\udffc\n\nW\u00e4hrend der Bo\u00dfelsaison entstand bei unserer weiblichen B-Jugend die spontane Idee, beim VullWatMannsLoop in Logabirum mitzumachen. Unsere m\u00e4nnliche B-Jugend lie\u00df sich das nicht zweimal sagen und war direkt mit dabei! \ud83d\ude04 Auch die Betreuerinnen Ina und Monja wurden kurzerhand mit ins Boot geholt.\n\nAm 30. August war es dann soweit: Ab in den Matsch! \ud83d\udca6\ud83c\udfc3\ud83c\udffc\u200d\u2640\ufe0f\ud83c\udfc3\ud83c\udffc\u200d\u2642\ufe0f Jede Menge Schlamm, Hindernisse und k\u00f6rperliche Anstrengung sorgten vor allem f\u00fcr eins \u2013 richtig viel Spa\u00df!\ud83e\udd0e\n\nAnschlie\u00dfend ging es zur wohlverdienten St\u00e4rkung mit reichlich Partypizza ins Vereinsheim. \ud83c\udf55\ud83d\ude0b\n\nAm Ende waren sich alle einig: N\u00e4chstes Jahr sind wir definitiv wieder am Start! \ud83d\ude4c\ud83c\udffc Und wer wei\u00df , vielleicht entwickelt sich daraus ja bald eine feste Vereinsveranstaltung. \ud83d\ude04\ud83d\udd34\u26ab\ufe0f\n\n#KBVMiddels #VullWatMannsLoop #Jugend #Teamgeist\"\/><div class=\"swiper-lazy-preloader swiper-lazy-preloader-white\"><\/div><\/div><div class=\"swiper-slide wpz-insta-album-image\" data-media-type=\"image\"><img class=\"wpzoom-swiper-image swiper-lazy\" data-src=\"https:\/\/scontent-fra5-2.cdninstagram.com\/v\/t51.82787-15\/791539726_17980198935079880_6105652888741022630_n.jpg?stp=dst-jpg_e35_tt6&#038;_nc_cat=106&#038;ccb=7-5&#038;_nc_sid=18de74&#038;efg=eyJlZmdfdGFnIjoiQ0FST1VTRUxfSVRFTS5iZXN0X2ltYWdlX3VybGdlbi5DMyJ9&#038;_nc_ohc=6mD8SYYBiwYQ7kNvwFb_VMz&#038;_nc_oc=Adq4yV55qumaK_ANb7jA2gX3obBi5wTiCAFkknrocXx_Nua5Ekl9U9Z9KsZ0cmD-yRE&#038;_nc_zt=23&#038;_nc_ht=scontent-fra5-2.cdninstagram.com&#038;edm=ANo9K5cEAAAA&#038;_nc_gid=uK57epsa_bu5sgeJQjxhUA&#038;_nc_tpa=Q5bMBQKAsBmlVSF8rfOQG0sR1dttdT9XZHGoMk74nhquIdRMcvcT9iDh-tRYois7OY9zDLfQ1dgSapua&#038;oh=00_AQLW2G9dqPnQF7MTJQm_gBU6ICSVZUXwsQ1NM_WIzCr5JQ&#038;oe=6A9C5FCE\" alt=\"\ud83d\udca6 Dreck, Fun &amp; Teamgeist \u2013 unsere Jugend beim VullWatMannsLoop! \ud83d\udcaa\ud83c\udffc\n\nW\u00e4hrend der Bo\u00dfelsaison entstand bei unserer weiblichen B-Jugend die spontane Idee, beim VullWatMannsLoop in Logabirum mitzumachen. Unsere m\u00e4nnliche B-Jugend lie\u00df sich das nicht zweimal sagen und war direkt mit dabei! \ud83d\ude04 Auch die Betreuerinnen Ina und Monja wurden kurzerhand mit ins Boot geholt.\n\nAm 30. August war es dann soweit: Ab in den Matsch! \ud83d\udca6\ud83c\udfc3\ud83c\udffc\u200d\u2640\ufe0f\ud83c\udfc3\ud83c\udffc\u200d\u2642\ufe0f Jede Menge Schlamm, Hindernisse und k\u00f6rperliche Anstrengung sorgten vor allem f\u00fcr eins \u2013 richtig viel Spa\u00df!\ud83e\udd0e\n\nAnschlie\u00dfend ging es zur wohlverdienten St\u00e4rkung mit reichlich Partypizza ins Vereinsheim. \ud83c\udf55\ud83d\ude0b\n\nAm Ende waren sich alle einig: N\u00e4chstes Jahr sind wir definitiv wieder am Start! \ud83d\ude4c\ud83c\udffc Und wer wei\u00df , vielleicht entwickelt sich daraus ja bald eine feste Vereinsveranstaltung. \ud83d\ude04\ud83d\udd34\u26ab\ufe0f\n\n#KBVMiddels #VullWatMannsLoop #Jugend #Teamgeist\"\/><div class=\"swiper-lazy-preloader swiper-lazy-preloader-white\"><\/div><\/div><div class=\"swiper-slide wpz-insta-album-image\" data-media-type=\"image\"><img class=\"wpzoom-swiper-image swiper-lazy\" data-src=\"https:\/\/scontent-fra5-1.cdninstagram.com\/v\/t51.82787-15\/790993273_17980198989079880_6024627394850320511_n.jpg?stp=dst-jpg_e35_tt6&#038;_nc_cat=110&#038;ccb=7-5&#038;_nc_sid=18de74&#038;efg=eyJlZmdfdGFnIjoiQ0FST1VTRUxfSVRFTS5iZXN0X2ltYWdlX3VybGdlbi5DMyJ9&#038;_nc_ohc=JKFJRiHxSTIQ7kNvwGNhp4q&#038;_nc_oc=AdoipzbVR72EXae6WPeQT3vEwoTTKAHDA639-MO6hERouaQPyRbdg1giW8KMp0FEGm8&#038;_nc_zt=23&#038;_nc_ht=scontent-fra5-1.cdninstagram.com&#038;edm=ANo9K5cEAAAA&#038;_nc_gid=uK57epsa_bu5sgeJQjxhUA&#038;_nc_tpa=Q5bMBQJ15lBzJLIqjo-AiCCPGsy1dYO39fp8l98xFnmSOnThZSjB0LtxFYiyId-rxgKkWi83gxBEruQq&#038;oh=00_AQIRAjDsN5Ocv_dxKBR_TgI5Rp9oq1N6L_lgPCRHqdbWZg&#038;oe=6A9C4876\" alt=\"\ud83d\udca6 Dreck, Fun &amp; Teamgeist \u2013 unsere Jugend beim VullWatMannsLoop! \ud83d\udcaa\ud83c\udffc\n\nW\u00e4hrend der Bo\u00dfelsaison entstand bei unserer weiblichen B-Jugend die spontane Idee, beim VullWatMannsLoop in Logabirum mitzumachen. Unsere m\u00e4nnliche B-Jugend lie\u00df sich das nicht zweimal sagen und war direkt mit dabei! \ud83d\ude04 Auch die Betreuerinnen Ina und Monja wurden kurzerhand mit ins Boot geholt.\n\nAm 30. August war es dann soweit: Ab in den Matsch! \ud83d\udca6\ud83c\udfc3\ud83c\udffc\u200d\u2640\ufe0f\ud83c\udfc3\ud83c\udffc\u200d\u2642\ufe0f Jede Menge Schlamm, Hindernisse und k\u00f6rperliche Anstrengung sorgten vor allem f\u00fcr eins \u2013 richtig viel Spa\u00df!\ud83e\udd0e\n\nAnschlie\u00dfend ging es zur wohlverdienten St\u00e4rkung mit reichlich Partypizza ins Vereinsheim. \ud83c\udf55\ud83d\ude0b\n\nAm Ende waren sich alle einig: N\u00e4chstes Jahr sind wir definitiv wieder am Start! \ud83d\ude4c\ud83c\udffc Und wer wei\u00df , vielleicht entwickelt sich daraus ja bald eine feste Vereinsveranstaltung. \ud83d\ude04\ud83d\udd34\u26ab\ufe0f\n\n#KBVMiddels #VullWatMannsLoop #Jugend #Teamgeist\"\/><div class=\"swiper-lazy-preloader swiper-lazy-preloader-white\"><\/div><\/div><div class=\"swiper-slide wpz-insta-album-image\" data-media-type=\"image\"><img class=\"wpzoom-swiper-image swiper-lazy\" data-src=\"https:\/\/scontent-fra5-1.cdninstagram.com\/v\/t51.82787-15\/791922760_17980198980079880_873059572755550875_n.jpg?stp=dst-jpg_e35_tt6&#038;_nc_cat=110&#038;ccb=7-5&#038;_nc_sid=18de74&#038;efg=eyJlZmdfdGFnIjoiQ0FST1VTRUxfSVRFTS5iZXN0X2ltYWdlX3VybGdlbi5DMyJ9&#038;_nc_ohc=-VC_dTrcbaMQ7kNvwFpqpDK&#038;_nc_oc=Adoj86e1Ga7CQlswr8SdXdITSrCZWLY_cYVgcZscXfSdxQCLR72gldcrrm9GFe1SJJM&#038;_nc_zt=23&#038;_nc_ht=scontent-fra5-1.cdninstagram.com&#038;edm=ANo9K5cEAAAA&#038;_nc_gid=uK57epsa_bu5sgeJQjxhUA&#038;_nc_tpa=Q5bMBQIBm9u5CneBiHJGB6Vley-2BkFGI3X2bcX7wgHYFyoh4Ps5u-CEF1D8-dv3FBMbk1TkL07F7Z9H&#038;oh=00_AQKhz3etnCcv3RCfCZPT7GMIZEKxvN26u7qR8XQQBQ_O0A&#038;oe=6A9C5F1D\" alt=\"\ud83d\udca6 Dreck, Fun &amp; Teamgeist \u2013 unsere Jugend beim VullWatMannsLoop! \ud83d\udcaa\ud83c\udffc\n\nW\u00e4hrend der Bo\u00dfelsaison entstand bei unserer weiblichen B-Jugend die spontane Idee, beim VullWatMannsLoop in Logabirum mitzumachen. Unsere m\u00e4nnliche B-Jugend lie\u00df sich das nicht zweimal sagen und war direkt mit dabei! \ud83d\ude04 Auch die Betreuerinnen Ina und Monja wurden kurzerhand mit ins Boot geholt.\n\nAm 30. August war es dann soweit: Ab in den Matsch! \ud83d\udca6\ud83c\udfc3\ud83c\udffc\u200d\u2640\ufe0f\ud83c\udfc3\ud83c\udffc\u200d\u2642\ufe0f Jede Menge Schlamm, Hindernisse und k\u00f6rperliche Anstrengung sorgten vor allem f\u00fcr eins \u2013 richtig viel Spa\u00df!\ud83e\udd0e\n\nAnschlie\u00dfend ging es zur wohlverdienten St\u00e4rkung mit reichlich Partypizza ins Vereinsheim. \ud83c\udf55\ud83d\ude0b\n\nAm Ende waren sich alle einig: N\u00e4chstes Jahr sind wir definitiv wieder am Start! \ud83d\ude4c\ud83c\udffc Und wer wei\u00df , vielleicht entwickelt sich daraus ja bald eine feste Vereinsveranstaltung. \ud83d\ude04\ud83d\udd34\u26ab\ufe0f\n\n#KBVMiddels #VullWatMannsLoop #Jugend #Teamgeist\"\/><div class=\"swiper-lazy-preloader swiper-lazy-preloader-white\"><\/div><\/div><div class=\"swiper-slide wpz-insta-album-image\" data-media-type=\"image\"><img class=\"wpzoom-swiper-image swiper-lazy\" data-src=\"https:\/\/scontent-fra3-2.cdninstagram.com\/v\/t51.82787-15\/792021503_17980199016079880_7842800318786973181_n.jpg?stp=dst-jpg_e35_tt6&#038;_nc_cat=104&#038;ccb=7-5&#038;_nc_sid=18de74&#038;efg=eyJlZmdfdGFnIjoiQ0FST1VTRUxfSVRFTS5iZXN0X2ltYWdlX3VybGdlbi5DMyJ9&#038;_nc_ohc=81ZuT0iA9AAQ7kNvwHr9xpE&#038;_nc_oc=AdpTZyahcByFPmntfFctdXfGVfdnuu2MXhQthmiWV0Hd2RAQUXMj5TfEnSSx50aygAg&#038;_nc_zt=23&#038;_nc_ht=scontent-fra3-2.cdninstagram.com&#038;edm=ANo9K5cEAAAA&#038;_nc_gid=uK57epsa_bu5sgeJQjxhUA&#038;_nc_tpa=Q5bMBQKv8OTq_LjJgCc9PCS25qeyqcHCX6eIHvwS_izTzwdOyLIOKY3TxCyqOZDA6oi9iCVdh7LWa4Qu&#038;oh=00_AQIY5_iAZz84HROFMa3_ArX0QZDchvLn62JyF0qk6yL52Q&#038;oe=6A9C61D6\" alt=\"\ud83d\udca6 Dreck, Fun &amp; Teamgeist \u2013 unsere Jugend beim VullWatMannsLoop! \ud83d\udcaa\ud83c\udffc\n\nW\u00e4hrend der Bo\u00dfelsaison entstand bei unserer weiblichen B-Jugend die spontane Idee, beim VullWatMannsLoop in Logabirum mitzumachen. Unsere m\u00e4nnliche B-Jugend lie\u00df sich das nicht zweimal sagen und war direkt mit dabei! \ud83d\ude04 Auch die Betreuerinnen Ina und Monja wurden kurzerhand mit ins Boot geholt.\n\nAm 30. August war es dann soweit: Ab in den Matsch! \ud83d\udca6\ud83c\udfc3\ud83c\udffc\u200d\u2640\ufe0f\ud83c\udfc3\ud83c\udffc\u200d\u2642\ufe0f Jede Menge Schlamm, Hindernisse und k\u00f6rperliche Anstrengung sorgten vor allem f\u00fcr eins \u2013 richtig viel Spa\u00df!\ud83e\udd0e\n\nAnschlie\u00dfend ging es zur wohlverdienten St\u00e4rkung mit reichlich Partypizza ins Vereinsheim. \ud83c\udf55\ud83d\ude0b\n\nAm Ende waren sich alle einig: N\u00e4chstes Jahr sind wir definitiv wieder am Start! \ud83d\ude4c\ud83c\udffc Und wer wei\u00df , vielleicht entwickelt sich daraus ja bald eine feste Vereinsveranstaltung. \ud83d\ude04\ud83d\udd34\u26ab\ufe0f\n\n#KBVMiddels #VullWatMannsLoop #Jugend #Teamgeist\"\/><div class=\"swiper-lazy-preloader swiper-lazy-preloader-white\"><\/div><\/div><div class=\"swiper-slide wpz-insta-album-image\" data-media-type=\"image\"><img class=\"wpzoom-swiper-image swiper-lazy\" data-src=\"https:\/\/scontent-fra5-2.cdninstagram.com\/v\/t51.82787-15\/791305127_17980198998079880_1252075852630544748_n.jpg?stp=dst-jpg_e35_tt6&#038;_nc_cat=107&#038;ccb=7-5&#038;_nc_sid=18de74&#038;efg=eyJlZmdfdGFnIjoiQ0FST1VTRUxfSVRFTS5iZXN0X2ltYWdlX3VybGdlbi5DMyJ9&#038;_nc_ohc=0O-z6fS8glQQ7kNvwGIw1Tn&#038;_nc_oc=Adqv-vY7eFy6P7upitOLzComcXlfCPiF7ORS9jAdyQMmjpXTTl3F5HT36a4wWJA4d_M&#038;_nc_zt=23&#038;_nc_ht=scontent-fra5-2.cdninstagram.com&#038;edm=ANo9K5cEAAAA&#038;_nc_gid=uK57epsa_bu5sgeJQjxhUA&#038;_nc_tpa=Q5bMBQKhclTHM26lVbSY245eoMCmSsrpy6PFUcTktzRRZyD2CWLlG2rPyMIV6EjZgYHaYD6cWZkCYD1D&#038;oh=00_AQIjJ3NTHOy3vlpfLjo7ra-rlSKUUkkn1JO-NGw9J7vTmA&#038;oe=6A9C7419\" alt=\"\ud83d\udca6 Dreck, Fun &amp; Teamgeist \u2013 unsere Jugend beim VullWatMannsLoop! \ud83d\udcaa\ud83c\udffc\n\nW\u00e4hrend der Bo\u00dfelsaison entstand bei unserer weiblichen B-Jugend die spontane Idee, beim VullWatMannsLoop in Logabirum mitzumachen. Unsere m\u00e4nnliche B-Jugend lie\u00df sich das nicht zweimal sagen und war direkt mit dabei! \ud83d\ude04 Auch die Betreuerinnen Ina und Monja wurden kurzerhand mit ins Boot geholt.\n\nAm 30. August war es dann soweit: Ab in den Matsch! \ud83d\udca6\ud83c\udfc3\ud83c\udffc\u200d\u2640\ufe0f\ud83c\udfc3\ud83c\udffc\u200d\u2642\ufe0f Jede Menge Schlamm, Hindernisse und k\u00f6rperliche Anstrengung sorgten vor allem f\u00fcr eins \u2013 richtig viel Spa\u00df!\ud83e\udd0e\n\nAnschlie\u00dfend ging es zur wohlverdienten St\u00e4rkung mit reichlich Partypizza ins Vereinsheim. \ud83c\udf55\ud83d\ude0b\n\nAm Ende waren sich alle einig: N\u00e4chstes Jahr sind wir definitiv wieder am Start! \ud83d\ude4c\ud83c\udffc Und wer wei\u00df , vielleicht entwickelt sich daraus ja bald eine feste Vereinsveranstaltung. \ud83d\ude04\ud83d\udd34\u26ab\ufe0f\n\n#KBVMiddels #VullWatMannsLoop #Jugend #Teamgeist\"\/><div class=\"swiper-lazy-preloader swiper-lazy-preloader-white\"><\/div><\/div><\/div><div class=\"swiper-pagination\"><\/div><div class=\"swiper-button-prev\"><\/div><div class=\"swiper-button-next\"><\/div><\/div><\/div>\n\t\t\t\t\t<div class=\"details-wrapper\">\n\t\t\t\t\t<div class=\"wpz-insta-header\">\n\t\t\t\t\t\t<div class=\"wpz-insta-avatar\">\n\t\t\t\t\t\t\t<img loading=\"lazy\" decoding=\"async\" src=\"https:\/\/www.kbv-middels.de\/WordPress\/wp-content\/uploads\/2023\/10\/387266684_341330328540150_6646291519891865113_n-1-150x150.jpg\" alt=\"@kbv_middels\" width=\"42\" height=\"42\"\/>\n\t\t\t\t\t\t<\/div>\n\t\t\t\t\t\t<div class=\"wpz-insta-buttons\">\n\t\t\t\t\t\t\t<div class=\"wpz-insta-username\">\n\t\t\t\t\t\t\t\t<a rel=\"noopener\" target=\"_blank\" href=\"https:\/\/instagram.com\/kbv_middels\">@kbv_middels<\/a>\n\t\t\t\t\t\t\t<\/div>\n\t\t\t\t\t\t\t<div>&bull;<\/div>\n\t\t\t\t\t\t\t<div class=\"wpz-insta-follow\">\n\t\t\t\t\t\t\t\t<a target=\"_blank\" rel=\"noopener\"\n\t\t\t\t\t\t\t\thref=\"https:\/\/instagram.com\/kbv_middels?ref=badge\">\n\t\t\t\t\t\t\t\t\tFollow\n\t\t\t\t\t\t\t\t<\/a>\n\t\t\t\t\t\t\t<\/div>\n\t\t\t\t\t\t<\/div>\n\t\t\t\t\t<\/div><div class=\"wpz-insta-caption\">\ud83d\udca6 Dreck, Fun &amp; Teamgeist \u2013 unsere Jugend beim VullWatMannsLoop! \ud83d\udcaa\ud83c\udffc\n\nW\u00e4hrend der Bo\u00dfelsaison entstand bei unserer weiblichen B-Jugend die spontane Idee, beim VullWatMannsLoop in Logabirum mitzumachen. Unsere m\u00e4nnliche B-Jugend lie\u00df sich das nicht zweimal sagen und war direkt mit dabei! \ud83d\ude04 Auch die Betreuerinnen Ina und Monja wurden kurzerhand mit ins Boot geholt.\n\nAm 30. August war es dann soweit: Ab in den Matsch! \ud83d\udca6\ud83c\udfc3\ud83c\udffc\u200d\u2640\ufe0f\ud83c\udfc3\ud83c\udffc\u200d\u2642\ufe0f Jede Menge Schlamm, Hindernisse und k\u00f6rperliche Anstrengung sorgten vor allem f\u00fcr eins \u2013 richtig viel Spa\u00df!\ud83e\udd0e\n\nAnschlie\u00dfend ging es zur wohlverdienten St\u00e4rkung mit reichlich Partypizza ins Vereinsheim. \ud83c\udf55\ud83d\ude0b\n\nAm Ende waren sich alle einig: N\u00e4chstes Jahr sind wir definitiv wieder am Start! \ud83d\ude4c\ud83c\udffc Und wer wei\u00df , vielleicht entwickelt sich daraus ja bald eine feste Vereinsveranstaltung. \ud83d\ude04\ud83d\udd34\u26ab\ufe0f\n\n#KBVMiddels #VullWatMannsLoop #Jugend #Teamgeist<\/div><div class=\"wpz-insta-date\">13\u00a0Stunden ago<\/div><div class=\"view-post\">\n\t\t\t\t\t<a href=\"https:\/\/www.instagram.com\/p\/Dct3FLtDS4b\/\" target=\"_blank\" rel=\"noopener\"><span class=\"dashicons dashicons-instagram\"><\/span>View on Instagram<\/a>\n\t\t\t\t\t<span class=\"delimiter\">|<\/span>\n\t\t\t\t\t<div class=\"wpz-insta-pagination\">1\/20<\/div>\n\t\t\t\t\t<\/div><\/div><\/div><\/div><div data-uid=\"18101126389977587\" class=\"swiper-slide wpz-insta-lightbox-item\"><div class=\"wpz-insta-lightbox\"><div class=\"image-wrapper\"><div class=\"swiper\" style=\"height: 100%;\"><div class=\"swiper-wrapper wpz-insta-album-images\"><div class=\"swiper-slide wpz-insta-album-image\" data-media-type=\"image\"><img class=\"wpzoom-swiper-image swiper-lazy\" data-src=\"https:\/\/scontent-fra5-1.cdninstagram.com\/v\/t51.82787-15\/781459608_17979071880079880_8811571910032333568_n.jpg?stp=dst-jpg_e35_tt6&#038;_nc_cat=110&#038;ccb=7-5&#038;_nc_sid=18de74&#038;efg=eyJlZmdfdGFnIjoiQ0FST1VTRUxfSVRFTS5iZXN0X2ltYWdlX3VybGdlbi5DMyJ9&#038;_nc_ohc=wO4PmR-t0LEQ7kNvwEWjg7A&#038;_nc_oc=AdpbEuAM3vc3RBcSkarpw9AvPSAwRTcHHcuQzHiVSI2QbVkyV_QamP1mgRz2qCQpCvA&#038;_nc_zt=23&#038;_nc_ht=scontent-fra5-1.cdninstagram.com&#038;edm=ANo9K5cEAAAA&#038;_nc_gid=uK57epsa_bu5sgeJQjxhUA&#038;_nc_tpa=Q5bMBQK21c09PWvwBDmoXfg67kZk2PsmH12pSBGG7mIyQCQU8Azr1-IQfbFKzfRJ9iaS-jTacpMQzsBi&#038;oh=00_AQK74Y7Q65ID1xdHK3hvUGc3xNvciQ0xZf0nwKm5ZCIt4w&#038;oe=6A9C5094\" alt=\"\ud83c\udf3f Pollerfest 2026 beim KBV Middels \ud83c\udf3f\n\nPollerfest \u2013 dieses Jahr einfach mal ohne Poller! \ud83d\ude04\nWetterbedingt mussten wir unser heutiges Pollerfest kurzerhand verlegen. Umso mehr freuen wir uns, dass Dirk Focken und Dortje Tammen sich bereit erkl\u00e4rt haben, uns bei sich zu Hause willkommen zu hei\u00dfen. Vielen Dank daf\u00fcr! \ud83e\udef6\ud83c\udffc\n\nBei toller Beteiligung haben wir gemeinsam einen richtig sch\u00f6nen und geselligen Tag verbracht. F\u00fcr Gro\u00df und Klein war einiges dabei: H\u00fcpfburg, Stockbrot f\u00fcr die Kinder, Foodtruck sowie Kaffee und selbstgebackener Kuchen. \u2615\ufe0f\ud83c\udf70\ud83c\udf2d\n\nEin besonderer Programmpunkt waren unsere zahlreichen Ehrungen f\u00fcr langj\u00e4hrige Mitgliedschaften im Friesischen Klootschie\u00dferverband e.V. \ud83c\udfc5\n\nF\u00fcr 25 Jahre wurden Marc Decker, Anita Loy und Lars Janssen geehrt.\nF\u00fcr 40 Jahre durften sich Marko Zimmermann und Gerold Oltmanns \u00fcber eine Ehrung freuen.\nUnd f\u00fcr beeindruckende 60 Jahre Mitgliedschaft wurde Wilhelm Gossel ausgezeichnet. \ud83d\udc4f\ud83c\udffc\n\nWir freuen uns sehr \u00fcber diese langj\u00e4hrige Treue und Verbundenheit und w\u00fcnschen allen Geehrten weiterhin alles Gute! \u2764\ufe0f\n\nEin rundum gelungenes Pollerfest \u2013 auch ganz ohne Poller. \ud83d\ude09\nDanke an alle, die dabei waren und diesen Tag so sch\u00f6n gemacht haben!\u26ab\ufe0f\ud83d\udd34\u263a\ufe0f\"\/><div class=\"swiper-lazy-preloader swiper-lazy-preloader-white\"><\/div><\/div><div class=\"swiper-slide wpz-insta-album-image\" data-media-type=\"image\"><img class=\"wpzoom-swiper-image swiper-lazy\" data-src=\"https:\/\/scontent-fra3-2.cdninstagram.com\/v\/t51.82787-15\/784389259_17979071898079880_1889599826556743554_n.jpg?stp=dst-jpg_e35_tt6&#038;_nc_cat=111&#038;ccb=7-5&#038;_nc_sid=18de74&#038;efg=eyJlZmdfdGFnIjoiQ0FST1VTRUxfSVRFTS5iZXN0X2ltYWdlX3VybGdlbi5DMyJ9&#038;_nc_ohc=CS_5tz_ZHkIQ7kNvwHm1gbx&#038;_nc_oc=AdpmTVyZ6EoQRZOSXGsjNPjCv33oteOAsazWi3DYNCU4ygwVRQixg2M7oM67d97LJQM&#038;_nc_zt=23&#038;_nc_ht=scontent-fra3-2.cdninstagram.com&#038;edm=ANo9K5cEAAAA&#038;_nc_gid=uK57epsa_bu5sgeJQjxhUA&#038;_nc_tpa=Q5bMBQLjafgVttT8uDLFv7TRctIZiNRKJ0vDdVUNtAqiECrXTaRjHv79V4m6PsX87uYEWJ8m0Du-Ac9f&#038;oh=00_AQJwPgRpiP2wqsxYXKwcnjZ4SkQTcnqvgp8tRTrfetgNjA&#038;oe=6A9C489A\" alt=\"\ud83c\udf3f Pollerfest 2026 beim KBV Middels \ud83c\udf3f\n\nPollerfest \u2013 dieses Jahr einfach mal ohne Poller! \ud83d\ude04\nWetterbedingt mussten wir unser heutiges Pollerfest kurzerhand verlegen. Umso mehr freuen wir uns, dass Dirk Focken und Dortje Tammen sich bereit erkl\u00e4rt haben, uns bei sich zu Hause willkommen zu hei\u00dfen. Vielen Dank daf\u00fcr! \ud83e\udef6\ud83c\udffc\n\nBei toller Beteiligung haben wir gemeinsam einen richtig sch\u00f6nen und geselligen Tag verbracht. F\u00fcr Gro\u00df und Klein war einiges dabei: H\u00fcpfburg, Stockbrot f\u00fcr die Kinder, Foodtruck sowie Kaffee und selbstgebackener Kuchen. \u2615\ufe0f\ud83c\udf70\ud83c\udf2d\n\nEin besonderer Programmpunkt waren unsere zahlreichen Ehrungen f\u00fcr langj\u00e4hrige Mitgliedschaften im Friesischen Klootschie\u00dferverband e.V. \ud83c\udfc5\n\nF\u00fcr 25 Jahre wurden Marc Decker, Anita Loy und Lars Janssen geehrt.\nF\u00fcr 40 Jahre durften sich Marko Zimmermann und Gerold Oltmanns \u00fcber eine Ehrung freuen.\nUnd f\u00fcr beeindruckende 60 Jahre Mitgliedschaft wurde Wilhelm Gossel ausgezeichnet. \ud83d\udc4f\ud83c\udffc\n\nWir freuen uns sehr \u00fcber diese langj\u00e4hrige Treue und Verbundenheit und w\u00fcnschen allen Geehrten weiterhin alles Gute! \u2764\ufe0f\n\nEin rundum gelungenes Pollerfest \u2013 auch ganz ohne Poller. \ud83d\ude09\nDanke an alle, die dabei waren und diesen Tag so sch\u00f6n gemacht haben!\u26ab\ufe0f\ud83d\udd34\u263a\ufe0f\"\/><div class=\"swiper-lazy-preloader swiper-lazy-preloader-white\"><\/div><\/div><div class=\"swiper-slide wpz-insta-album-image\" data-media-type=\"image\"><img class=\"wpzoom-swiper-image swiper-lazy\" data-src=\"https:\/\/scontent-fra5-1.cdninstagram.com\/v\/t51.82787-15\/782252554_17979071934079880_7686544131528212693_n.jpg?stp=dst-jpg_e35_tt6&#038;_nc_cat=100&#038;ccb=7-5&#038;_nc_sid=18de74&#038;efg=eyJlZmdfdGFnIjoiQ0FST1VTRUxfSVRFTS5iZXN0X2ltYWdlX3VybGdlbi5DMyJ9&#038;_nc_ohc=1IwJjEpOnzMQ7kNvwEZMUWG&#038;_nc_oc=Adp6erAP9qsu4m2x03xvdK8pPXB97tD-ZypX_1fNITtJUxyUk7e7YoWELaOVuezVRWQ&#038;_nc_zt=23&#038;_nc_ht=scontent-fra5-1.cdninstagram.com&#038;edm=ANo9K5cEAAAA&#038;_nc_gid=uK57epsa_bu5sgeJQjxhUA&#038;_nc_tpa=Q5bMBQJEjoVJi_oADG1RcgY0Lu0c_1Y792UaCeuoGb1RjkIR1FFHq5HRvIPd3muI5W4e_zbUZ-WvruoB&#038;oh=00_AQLIZMf2dnoMY8oGAPa8Ew2JKzscmGSSE_i044zj9BKcDA&#038;oe=6A9C6F3E\" alt=\"\ud83c\udf3f Pollerfest 2026 beim KBV Middels \ud83c\udf3f\n\nPollerfest \u2013 dieses Jahr einfach mal ohne Poller! \ud83d\ude04\nWetterbedingt mussten wir unser heutiges Pollerfest kurzerhand verlegen. Umso mehr freuen wir uns, dass Dirk Focken und Dortje Tammen sich bereit erkl\u00e4rt haben, uns bei sich zu Hause willkommen zu hei\u00dfen. Vielen Dank daf\u00fcr! \ud83e\udef6\ud83c\udffc\n\nBei toller Beteiligung haben wir gemeinsam einen richtig sch\u00f6nen und geselligen Tag verbracht. F\u00fcr Gro\u00df und Klein war einiges dabei: H\u00fcpfburg, Stockbrot f\u00fcr die Kinder, Foodtruck sowie Kaffee und selbstgebackener Kuchen. \u2615\ufe0f\ud83c\udf70\ud83c\udf2d\n\nEin besonderer Programmpunkt waren unsere zahlreichen Ehrungen f\u00fcr langj\u00e4hrige Mitgliedschaften im Friesischen Klootschie\u00dferverband e.V. \ud83c\udfc5\n\nF\u00fcr 25 Jahre wurden Marc Decker, Anita Loy und Lars Janssen geehrt.\nF\u00fcr 40 Jahre durften sich Marko Zimmermann und Gerold Oltmanns \u00fcber eine Ehrung freuen.\nUnd f\u00fcr beeindruckende 60 Jahre Mitgliedschaft wurde Wilhelm Gossel ausgezeichnet. \ud83d\udc4f\ud83c\udffc\n\nWir freuen uns sehr \u00fcber diese langj\u00e4hrige Treue und Verbundenheit und w\u00fcnschen allen Geehrten weiterhin alles Gute! \u2764\ufe0f\n\nEin rundum gelungenes Pollerfest \u2013 auch ganz ohne Poller. \ud83d\ude09\nDanke an alle, die dabei waren und diesen Tag so sch\u00f6n gemacht haben!\u26ab\ufe0f\ud83d\udd34\u263a\ufe0f\"\/><div class=\"swiper-lazy-preloader swiper-lazy-preloader-white\"><\/div><\/div><div class=\"swiper-slide wpz-insta-album-image\" data-media-type=\"image\"><img class=\"wpzoom-swiper-image swiper-lazy\" data-src=\"https:\/\/scontent-fra5-2.cdninstagram.com\/v\/t51.82787-15\/781459644_17979071916079880_7053064524164129220_n.jpg?stp=dst-jpg_e35_tt6&#038;_nc_cat=109&#038;ccb=7-5&#038;_nc_sid=18de74&#038;efg=eyJlZmdfdGFnIjoiQ0FST1VTRUxfSVRFTS5iZXN0X2ltYWdlX3VybGdlbi5DMyJ9&#038;_nc_ohc=0_LG_CVVM-EQ7kNvwE6QLvT&#038;_nc_oc=AdqSDnOIvd0Djl9Nis4534eS5vvwET_0lmUnfKPc0vPuJy4ZcsBeEuWzZ2X2f5vzKK0&#038;_nc_zt=23&#038;_nc_ht=scontent-fra5-2.cdninstagram.com&#038;edm=ANo9K5cEAAAA&#038;_nc_gid=uK57epsa_bu5sgeJQjxhUA&#038;_nc_tpa=Q5bMBQLsp4ntS41cP7UMYUi_Do_fbC1HeuxU3PY8Hsh_zWzNyajrIHFrgksrUiZEPGWTyr8sA86FfjQo&#038;oh=00_AQIbb9mp0jziwnCsqazJkJXR_Zr4ZJLjfKHrpuZ1Lpb84w&#038;oe=6A9C7658\" alt=\"\ud83c\udf3f Pollerfest 2026 beim KBV Middels \ud83c\udf3f\n\nPollerfest \u2013 dieses Jahr einfach mal ohne Poller! \ud83d\ude04\nWetterbedingt mussten wir unser heutiges Pollerfest kurzerhand verlegen. Umso mehr freuen wir uns, dass Dirk Focken und Dortje Tammen sich bereit erkl\u00e4rt haben, uns bei sich zu Hause willkommen zu hei\u00dfen. Vielen Dank daf\u00fcr! \ud83e\udef6\ud83c\udffc\n\nBei toller Beteiligung haben wir gemeinsam einen richtig sch\u00f6nen und geselligen Tag verbracht. F\u00fcr Gro\u00df und Klein war einiges dabei: H\u00fcpfburg, Stockbrot f\u00fcr die Kinder, Foodtruck sowie Kaffee und selbstgebackener Kuchen. \u2615\ufe0f\ud83c\udf70\ud83c\udf2d\n\nEin besonderer Programmpunkt waren unsere zahlreichen Ehrungen f\u00fcr langj\u00e4hrige Mitgliedschaften im Friesischen Klootschie\u00dferverband e.V. \ud83c\udfc5\n\nF\u00fcr 25 Jahre wurden Marc Decker, Anita Loy und Lars Janssen geehrt.\nF\u00fcr 40 Jahre durften sich Marko Zimmermann und Gerold Oltmanns \u00fcber eine Ehrung freuen.\nUnd f\u00fcr beeindruckende 60 Jahre Mitgliedschaft wurde Wilhelm Gossel ausgezeichnet. \ud83d\udc4f\ud83c\udffc\n\nWir freuen uns sehr \u00fcber diese langj\u00e4hrige Treue und Verbundenheit und w\u00fcnschen allen Geehrten weiterhin alles Gute! \u2764\ufe0f\n\nEin rundum gelungenes Pollerfest \u2013 auch ganz ohne Poller. \ud83d\ude09\nDanke an alle, die dabei waren und diesen Tag so sch\u00f6n gemacht haben!\u26ab\ufe0f\ud83d\udd34\u263a\ufe0f\"\/><div class=\"swiper-lazy-preloader swiper-lazy-preloader-white\"><\/div><\/div><div class=\"swiper-slide wpz-insta-album-image\" data-media-type=\"image\"><img class=\"wpzoom-swiper-image swiper-lazy\" data-src=\"https:\/\/scontent-fra3-1.cdninstagram.com\/v\/t51.82787-15\/781484364_17979071928079880_859308432101931827_n.jpg?stp=dst-jpg_e35_tt6&#038;_nc_cat=108&#038;ccb=7-5&#038;_nc_sid=18de74&#038;efg=eyJlZmdfdGFnIjoiQ0FST1VTRUxfSVRFTS5iZXN0X2ltYWdlX3VybGdlbi5DMyJ9&#038;_nc_ohc=6JfM_YOikp8Q7kNvwEpxhW_&#038;_nc_oc=AdpTpkDoTFy-6djU6V32cnf89QbUr8lq8Df9dWF3wO2oHaaVGdCagLH8Z6YhEvotCgc&#038;_nc_zt=23&#038;_nc_ht=scontent-fra3-1.cdninstagram.com&#038;edm=ANo9K5cEAAAA&#038;_nc_gid=uK57epsa_bu5sgeJQjxhUA&#038;_nc_tpa=Q5bMBQIT0ydcsXGr6PZ5_vlsxrdb_JkBc1ZUq7tQjdyVVBFN9IGtI9SV4dqi_QRpwiDbvQd2bhzjJKXf&#038;oh=00_AQLFBleomOT9moHlTc1usixc2wO9UQ8GIDBtAJgXzpTXUg&#038;oe=6A9C5920\" alt=\"\ud83c\udf3f Pollerfest 2026 beim KBV Middels \ud83c\udf3f\n\nPollerfest \u2013 dieses Jahr einfach mal ohne Poller! \ud83d\ude04\nWetterbedingt mussten wir unser heutiges Pollerfest kurzerhand verlegen. Umso mehr freuen wir uns, dass Dirk Focken und Dortje Tammen sich bereit erkl\u00e4rt haben, uns bei sich zu Hause willkommen zu hei\u00dfen. Vielen Dank daf\u00fcr! \ud83e\udef6\ud83c\udffc\n\nBei toller Beteiligung haben wir gemeinsam einen richtig sch\u00f6nen und geselligen Tag verbracht. F\u00fcr Gro\u00df und Klein war einiges dabei: H\u00fcpfburg, Stockbrot f\u00fcr die Kinder, Foodtruck sowie Kaffee und selbstgebackener Kuchen. \u2615\ufe0f\ud83c\udf70\ud83c\udf2d\n\nEin besonderer Programmpunkt waren unsere zahlreichen Ehrungen f\u00fcr langj\u00e4hrige Mitgliedschaften im Friesischen Klootschie\u00dferverband e.V. \ud83c\udfc5\n\nF\u00fcr 25 Jahre wurden Marc Decker, Anita Loy und Lars Janssen geehrt.\nF\u00fcr 40 Jahre durften sich Marko Zimmermann und Gerold Oltmanns \u00fcber eine Ehrung freuen.\nUnd f\u00fcr beeindruckende 60 Jahre Mitgliedschaft wurde Wilhelm Gossel ausgezeichnet. \ud83d\udc4f\ud83c\udffc\n\nWir freuen uns sehr \u00fcber diese langj\u00e4hrige Treue und Verbundenheit und w\u00fcnschen allen Geehrten weiterhin alles Gute! \u2764\ufe0f\n\nEin rundum gelungenes Pollerfest \u2013 auch ganz ohne Poller. \ud83d\ude09\nDanke an alle, die dabei waren und diesen Tag so sch\u00f6n gemacht haben!\u26ab\ufe0f\ud83d\udd34\u263a\ufe0f\"\/><div class=\"swiper-lazy-preloader swiper-lazy-preloader-white\"><\/div><\/div><div class=\"swiper-slide wpz-insta-album-image\" data-media-type=\"image\"><img class=\"wpzoom-swiper-image swiper-lazy\" data-src=\"https:\/\/scontent-fra5-2.cdninstagram.com\/v\/t51.82787-15\/782124167_17979071973079880_6519648841240511682_n.jpg?stp=dst-jpg_e35_tt6&#038;_nc_cat=106&#038;ccb=7-5&#038;_nc_sid=18de74&#038;efg=eyJlZmdfdGFnIjoiQ0FST1VTRUxfSVRFTS5iZXN0X2ltYWdlX3VybGdlbi5DMyJ9&#038;_nc_ohc=ZgrFXgO8yDkQ7kNvwGiVSxe&#038;_nc_oc=Ado-tGCf7Y_AJPAJg5KLhcZ-8dgvQcNR-hgPR06rHiCd390ESlFib7ODT9rxBKfUMlA&#038;_nc_zt=23&#038;_nc_ht=scontent-fra5-2.cdninstagram.com&#038;edm=ANo9K5cEAAAA&#038;_nc_gid=uK57epsa_bu5sgeJQjxhUA&#038;_nc_tpa=Q5bMBQL5K125hAhr9ExU8XDqatf0qVR-nNcMx6-tyCjFnkH2Ak86Avk8fMY-v_m77GdakeHDLBnz_SiH&#038;oh=00_AQKpc4y9kPIjwRTyZ_sgsl34FskdPEiM1pinfXg97xmwGw&#038;oe=6A9C633A\" alt=\"\ud83c\udf3f Pollerfest 2026 beim KBV Middels \ud83c\udf3f\n\nPollerfest \u2013 dieses Jahr einfach mal ohne Poller! \ud83d\ude04\nWetterbedingt mussten wir unser heutiges Pollerfest kurzerhand verlegen. Umso mehr freuen wir uns, dass Dirk Focken und Dortje Tammen sich bereit erkl\u00e4rt haben, uns bei sich zu Hause willkommen zu hei\u00dfen. Vielen Dank daf\u00fcr! \ud83e\udef6\ud83c\udffc\n\nBei toller Beteiligung haben wir gemeinsam einen richtig sch\u00f6nen und geselligen Tag verbracht. F\u00fcr Gro\u00df und Klein war einiges dabei: H\u00fcpfburg, Stockbrot f\u00fcr die Kinder, Foodtruck sowie Kaffee und selbstgebackener Kuchen. \u2615\ufe0f\ud83c\udf70\ud83c\udf2d\n\nEin besonderer Programmpunkt waren unsere zahlreichen Ehrungen f\u00fcr langj\u00e4hrige Mitgliedschaften im Friesischen Klootschie\u00dferverband e.V. \ud83c\udfc5\n\nF\u00fcr 25 Jahre wurden Marc Decker, Anita Loy und Lars Janssen geehrt.\nF\u00fcr 40 Jahre durften sich Marko Zimmermann und Gerold Oltmanns \u00fcber eine Ehrung freuen.\nUnd f\u00fcr beeindruckende 60 Jahre Mitgliedschaft wurde Wilhelm Gossel ausgezeichnet. \ud83d\udc4f\ud83c\udffc\n\nWir freuen uns sehr \u00fcber diese langj\u00e4hrige Treue und Verbundenheit und w\u00fcnschen allen Geehrten weiterhin alles Gute! \u2764\ufe0f\n\nEin rundum gelungenes Pollerfest \u2013 auch ganz ohne Poller. \ud83d\ude09\nDanke an alle, die dabei waren und diesen Tag so sch\u00f6n gemacht haben!\u26ab\ufe0f\ud83d\udd34\u263a\ufe0f\"\/><div class=\"swiper-lazy-preloader swiper-lazy-preloader-white\"><\/div><\/div><div class=\"swiper-slide wpz-insta-album-image\" data-media-type=\"image\"><img class=\"wpzoom-swiper-image swiper-lazy\" data-src=\"https:\/\/scontent-fra5-1.cdninstagram.com\/v\/t51.82787-15\/782169080_17979071982079880_8145324776972642832_n.jpg?stp=dst-jpg_e35_tt6&#038;_nc_cat=100&#038;ccb=7-5&#038;_nc_sid=18de74&#038;efg=eyJlZmdfdGFnIjoiQ0FST1VTRUxfSVRFTS5iZXN0X2ltYWdlX3VybGdlbi5DMyJ9&#038;_nc_ohc=WsPKpj3N3-QQ7kNvwFRHoR_&#038;_nc_oc=AdodqY0GvfCkJCfu3xXXHe8SkqEVe3CQd5ebzS-_4MKVWsw-dqZZEl8GR4OzxCtxCis&#038;_nc_zt=23&#038;_nc_ht=scontent-fra5-1.cdninstagram.com&#038;edm=ANo9K5cEAAAA&#038;_nc_gid=uK57epsa_bu5sgeJQjxhUA&#038;_nc_tpa=Q5bMBQJJ5zRRGi3DDLTnc_gubVXr2TTP0F8NDI6m_xZcH3yT1ElOwDSEXoNiHSyWU7G1FvYKI4EeQzDW&#038;oh=00_AQJvq9lcmqtG_WEmZ1B2yAuJS__wtGQd0TYeIJohB3oObA&#038;oe=6A9C4E96\" alt=\"\ud83c\udf3f Pollerfest 2026 beim KBV Middels \ud83c\udf3f\n\nPollerfest \u2013 dieses Jahr einfach mal ohne Poller! \ud83d\ude04\nWetterbedingt mussten wir unser heutiges Pollerfest kurzerhand verlegen. Umso mehr freuen wir uns, dass Dirk Focken und Dortje Tammen sich bereit erkl\u00e4rt haben, uns bei sich zu Hause willkommen zu hei\u00dfen. Vielen Dank daf\u00fcr! \ud83e\udef6\ud83c\udffc\n\nBei toller Beteiligung haben wir gemeinsam einen richtig sch\u00f6nen und geselligen Tag verbracht. F\u00fcr Gro\u00df und Klein war einiges dabei: H\u00fcpfburg, Stockbrot f\u00fcr die Kinder, Foodtruck sowie Kaffee und selbstgebackener Kuchen. \u2615\ufe0f\ud83c\udf70\ud83c\udf2d\n\nEin besonderer Programmpunkt waren unsere zahlreichen Ehrungen f\u00fcr langj\u00e4hrige Mitgliedschaften im Friesischen Klootschie\u00dferverband e.V. \ud83c\udfc5\n\nF\u00fcr 25 Jahre wurden Marc Decker, Anita Loy und Lars Janssen geehrt.\nF\u00fcr 40 Jahre durften sich Marko Zimmermann und Gerold Oltmanns \u00fcber eine Ehrung freuen.\nUnd f\u00fcr beeindruckende 60 Jahre Mitgliedschaft wurde Wilhelm Gossel ausgezeichnet. \ud83d\udc4f\ud83c\udffc\n\nWir freuen uns sehr \u00fcber diese langj\u00e4hrige Treue und Verbundenheit und w\u00fcnschen allen Geehrten weiterhin alles Gute! \u2764\ufe0f\n\nEin rundum gelungenes Pollerfest \u2013 auch ganz ohne Poller. \ud83d\ude09\nDanke an alle, die dabei waren und diesen Tag so sch\u00f6n gemacht haben!\u26ab\ufe0f\ud83d\udd34\u263a\ufe0f\"\/><div class=\"swiper-lazy-preloader swiper-lazy-preloader-white\"><\/div><\/div><div class=\"swiper-slide wpz-insta-album-image\" data-media-type=\"image\"><img class=\"wpzoom-swiper-image swiper-lazy\" data-src=\"https:\/\/scontent-fra5-2.cdninstagram.com\/v\/t51.82787-15\/781266729_17979072003079880_89676107897837360_n.jpg?stp=dst-jpg_e35_tt6&#038;_nc_cat=109&#038;ccb=7-5&#038;_nc_sid=18de74&#038;efg=eyJlZmdfdGFnIjoiQ0FST1VTRUxfSVRFTS5iZXN0X2ltYWdlX3VybGdlbi5DMyJ9&#038;_nc_ohc=HG1JtPm3zt8Q7kNvwE6bCc_&#038;_nc_oc=Adr_-X0Gv-CvfXOhEHtfGajijMgqc8afgZ8l_RYvEtiJA3bmo3K_yLWSThzUEmw0FT8&#038;_nc_zt=23&#038;_nc_ht=scontent-fra5-2.cdninstagram.com&#038;edm=ANo9K5cEAAAA&#038;_nc_gid=uK57epsa_bu5sgeJQjxhUA&#038;_nc_tpa=Q5bMBQLJdcnHi4awVPmhH1Vont2U-goX2YoPJ5FWLN2rAbegR9zRQiGYkczdbqZbnhpNaryH9bKv-ygR&#038;oh=00_AQLtHTkE95piKmuxtce87Ppf7yagQtlKhDgp6Hod1BJDAw&#038;oe=6A9C6B64\" alt=\"\ud83c\udf3f Pollerfest 2026 beim KBV Middels \ud83c\udf3f\n\nPollerfest \u2013 dieses Jahr einfach mal ohne Poller! \ud83d\ude04\nWetterbedingt mussten wir unser heutiges Pollerfest kurzerhand verlegen. Umso mehr freuen wir uns, dass Dirk Focken und Dortje Tammen sich bereit erkl\u00e4rt haben, uns bei sich zu Hause willkommen zu hei\u00dfen. Vielen Dank daf\u00fcr! \ud83e\udef6\ud83c\udffc\n\nBei toller Beteiligung haben wir gemeinsam einen richtig sch\u00f6nen und geselligen Tag verbracht. F\u00fcr Gro\u00df und Klein war einiges dabei: H\u00fcpfburg, Stockbrot f\u00fcr die Kinder, Foodtruck sowie Kaffee und selbstgebackener Kuchen. \u2615\ufe0f\ud83c\udf70\ud83c\udf2d\n\nEin besonderer Programmpunkt waren unsere zahlreichen Ehrungen f\u00fcr langj\u00e4hrige Mitgliedschaften im Friesischen Klootschie\u00dferverband e.V. \ud83c\udfc5\n\nF\u00fcr 25 Jahre wurden Marc Decker, Anita Loy und Lars Janssen geehrt.\nF\u00fcr 40 Jahre durften sich Marko Zimmermann und Gerold Oltmanns \u00fcber eine Ehrung freuen.\nUnd f\u00fcr beeindruckende 60 Jahre Mitgliedschaft wurde Wilhelm Gossel ausgezeichnet. \ud83d\udc4f\ud83c\udffc\n\nWir freuen uns sehr \u00fcber diese langj\u00e4hrige Treue und Verbundenheit und w\u00fcnschen allen Geehrten weiterhin alles Gute! \u2764\ufe0f\n\nEin rundum gelungenes Pollerfest \u2013 auch ganz ohne Poller. \ud83d\ude09\nDanke an alle, die dabei waren und diesen Tag so sch\u00f6n gemacht haben!\u26ab\ufe0f\ud83d\udd34\u263a\ufe0f\"\/><div class=\"swiper-lazy-preloader swiper-lazy-preloader-white\"><\/div><\/div><div class=\"swiper-slide wpz-insta-album-image\" data-media-type=\"image\"><img class=\"wpzoom-swiper-image swiper-lazy\" data-src=\"https:\/\/scontent-fra3-2.cdninstagram.com\/v\/t51.82787-15\/781746294_17979072015079880_2421949657339711862_n.jpg?stp=dst-jpg_e35_tt6&#038;_nc_cat=104&#038;ccb=7-5&#038;_nc_sid=18de74&#038;efg=eyJlZmdfdGFnIjoiQ0FST1VTRUxfSVRFTS5iZXN0X2ltYWdlX3VybGdlbi5DMyJ9&#038;_nc_ohc=bts0kGcLDggQ7kNvwFSHslh&#038;_nc_oc=AdpqgYUPC6BJRLSaDnKEPe-t9TpoEK_7MuacXoIPICeEn4c_uPyvW_3N7jb5SeZUPrM&#038;_nc_zt=23&#038;_nc_ht=scontent-fra3-2.cdninstagram.com&#038;edm=ANo9K5cEAAAA&#038;_nc_gid=uK57epsa_bu5sgeJQjxhUA&#038;_nc_tpa=Q5bMBQIcaA6clbBt1AbbDPilGrFEQnvJvbs_vQAZ_UvXboyS9y0xkphPfIGSMV1MsHU4DC1ia-miR6wP&#038;oh=00_AQJZUShV-w56O-_CiqFVRWt3kgL86LQoaTc-nmTszbULpg&#038;oe=6A9C5ECB\" alt=\"\ud83c\udf3f Pollerfest 2026 beim KBV Middels \ud83c\udf3f\n\nPollerfest \u2013 dieses Jahr einfach mal ohne Poller! \ud83d\ude04\nWetterbedingt mussten wir unser heutiges Pollerfest kurzerhand verlegen. Umso mehr freuen wir uns, dass Dirk Focken und Dortje Tammen sich bereit erkl\u00e4rt haben, uns bei sich zu Hause willkommen zu hei\u00dfen. Vielen Dank daf\u00fcr! \ud83e\udef6\ud83c\udffc\n\nBei toller Beteiligung haben wir gemeinsam einen richtig sch\u00f6nen und geselligen Tag verbracht. F\u00fcr Gro\u00df und Klein war einiges dabei: H\u00fcpfburg, Stockbrot f\u00fcr die Kinder, Foodtruck sowie Kaffee und selbstgebackener Kuchen. \u2615\ufe0f\ud83c\udf70\ud83c\udf2d\n\nEin besonderer Programmpunkt waren unsere zahlreichen Ehrungen f\u00fcr langj\u00e4hrige Mitgliedschaften im Friesischen Klootschie\u00dferverband e.V. \ud83c\udfc5\n\nF\u00fcr 25 Jahre wurden Marc Decker, Anita Loy und Lars Janssen geehrt.\nF\u00fcr 40 Jahre durften sich Marko Zimmermann und Gerold Oltmanns \u00fcber eine Ehrung freuen.\nUnd f\u00fcr beeindruckende 60 Jahre Mitgliedschaft wurde Wilhelm Gossel ausgezeichnet. \ud83d\udc4f\ud83c\udffc\n\nWir freuen uns sehr \u00fcber diese langj\u00e4hrige Treue und Verbundenheit und w\u00fcnschen allen Geehrten weiterhin alles Gute! \u2764\ufe0f\n\nEin rundum gelungenes Pollerfest \u2013 auch ganz ohne Poller. \ud83d\ude09\nDanke an alle, die dabei waren und diesen Tag so sch\u00f6n gemacht haben!\u26ab\ufe0f\ud83d\udd34\u263a\ufe0f\"\/><div class=\"swiper-lazy-preloader swiper-lazy-preloader-white\"><\/div><\/div><\/div><div class=\"swiper-pagination\"><\/div><div class=\"swiper-button-prev\"><\/div><div class=\"swiper-button-next\"><\/div><\/div><\/div>\n\t\t\t\t\t<div class=\"details-wrapper\">\n\t\t\t\t\t<div class=\"wpz-insta-header\">\n\t\t\t\t\t\t<div class=\"wpz-insta-avatar\">\n\t\t\t\t\t\t\t<img loading=\"lazy\" decoding=\"async\" src=\"https:\/\/www.kbv-middels.de\/WordPress\/wp-content\/uploads\/2023\/10\/387266684_341330328540150_6646291519891865113_n-1-150x150.jpg\" alt=\"@kbv_middels\" width=\"42\" height=\"42\"\/>\n\t\t\t\t\t\t<\/div>\n\t\t\t\t\t\t<div class=\"wpz-insta-buttons\">\n\t\t\t\t\t\t\t<div class=\"wpz-insta-username\">\n\t\t\t\t\t\t\t\t<a rel=\"noopener\" target=\"_blank\" href=\"https:\/\/instagram.com\/kbv_middels\">@kbv_middels<\/a>\n\t\t\t\t\t\t\t<\/div>\n\t\t\t\t\t\t\t<div>&bull;<\/div>\n\t\t\t\t\t\t\t<div class=\"wpz-insta-follow\">\n\t\t\t\t\t\t\t\t<a target=\"_blank\" rel=\"noopener\"\n\t\t\t\t\t\t\t\thref=\"https:\/\/instagram.com\/kbv_middels?ref=badge\">\n\t\t\t\t\t\t\t\t\tFollow\n\t\t\t\t\t\t\t\t<\/a>\n\t\t\t\t\t\t\t<\/div>\n\t\t\t\t\t\t<\/div>\n\t\t\t\t\t<\/div><div class=\"wpz-insta-caption\">\ud83c\udf3f Pollerfest 2026 beim KBV Middels \ud83c\udf3f\n\nPollerfest \u2013 dieses Jahr einfach mal ohne Poller! \ud83d\ude04\nWetterbedingt mussten wir unser heutiges Pollerfest kurzerhand verlegen. Umso mehr freuen wir uns, dass Dirk Focken und Dortje Tammen sich bereit erkl\u00e4rt haben, uns bei sich zu Hause willkommen zu hei\u00dfen. Vielen Dank daf\u00fcr! \ud83e\udef6\ud83c\udffc\n\nBei toller Beteiligung haben wir gemeinsam einen richtig sch\u00f6nen und geselligen Tag verbracht. F\u00fcr Gro\u00df und Klein war einiges dabei: H\u00fcpfburg, Stockbrot f\u00fcr die Kinder, Foodtruck sowie Kaffee und selbstgebackener Kuchen. \u2615\ufe0f\ud83c\udf70\ud83c\udf2d\n\nEin besonderer Programmpunkt waren unsere zahlreichen Ehrungen f\u00fcr langj\u00e4hrige Mitgliedschaften im Friesischen Klootschie\u00dferverband e.V. \ud83c\udfc5\n\nF\u00fcr 25 Jahre wurden Marc Decker, Anita Loy und Lars Janssen geehrt.\nF\u00fcr 40 Jahre durften sich Marko Zimmermann und Gerold Oltmanns \u00fcber eine Ehrung freuen.\nUnd f\u00fcr beeindruckende 60 Jahre Mitgliedschaft wurde Wilhelm Gossel ausgezeichnet. \ud83d\udc4f\ud83c\udffc\n\nWir freuen uns sehr \u00fcber diese langj\u00e4hrige Treue und Verbundenheit und w\u00fcnschen allen Geehrten weiterhin alles Gute! \u2764\ufe0f\n\nEin rundum gelungenes Pollerfest \u2013 auch ganz ohne Poller. \ud83d\ude09\nDanke an alle, die dabei waren und diesen Tag so sch\u00f6n gemacht haben!\u26ab\ufe0f\ud83d\udd34\u263a\ufe0f<\/div><div class=\"wpz-insta-date\">1\u00a0Woche ago<\/div><div class=\"view-post\">\n\t\t\t\t\t<a href=\"https:\/\/www.instagram.com\/p\/DcY2-IYjZP2\/\" target=\"_blank\" rel=\"noopener\"><span class=\"dashicons dashicons-instagram\"><\/span>View on Instagram<\/a>\n\t\t\t\t\t<span class=\"delimiter\">|<\/span>\n\t\t\t\t\t<div class=\"wpz-insta-pagination\">2\/20<\/div>\n\t\t\t\t\t<\/div><\/div><\/div><\/div><div data-uid=\"18035291756656805\" class=\"swiper-slide wpz-insta-lightbox-item\"><div class=\"wpz-insta-lightbox\"><div class=\"image-wrapper\"><img class=\"wpzoom-swiper-image swiper-lazy\" data-src=\"https:\/\/www.kbv-middels.de\/WordPress\/wp-content\/uploads\/2019\/04\/780551055_17978542038079880_7454352874814513539_n.jpg\" alt=\"18.08.2026\nFreundschaftskampf Middels : Spekendorf \u26ab\ufe0f\ud83d\udd34\n\nSport verbindet, Tradition verbindet noch mehr! \nBeim Freundschaftskampf Middels vs. Spekendorf standen nicht nur die W\u00fcrfe im Mittelpunkt, sondern vor allem Geselligkeit, gute Laune und gelebte Nachbarschaftspflege. \ud83d\ude0a\nEin kleiner Schauer zwischendurch? Kein Problem, die Stimmung blieb bestens und der Spa\u00df kam definitiv nicht zu kurz.\nDanke f\u00fcr den sch\u00f6nen gemeinsamen Abend! \ud83c\udf40\n\nL\u00fcch up un fleu herut \u26ab\ud83d\udd34\"\/><div class=\"swiper-lazy-preloader swiper-lazy-preloader-white\"><\/div><\/div>\n\t\t\t\t\t<div class=\"details-wrapper\">\n\t\t\t\t\t<div class=\"wpz-insta-header\">\n\t\t\t\t\t\t<div class=\"wpz-insta-avatar\">\n\t\t\t\t\t\t\t<img loading=\"lazy\" decoding=\"async\" src=\"https:\/\/www.kbv-middels.de\/WordPress\/wp-content\/uploads\/2023\/10\/387266684_341330328540150_6646291519891865113_n-1-150x150.jpg\" alt=\"@kbv_middels\" width=\"42\" height=\"42\"\/>\n\t\t\t\t\t\t<\/div>\n\t\t\t\t\t\t<div class=\"wpz-insta-buttons\">\n\t\t\t\t\t\t\t<div class=\"wpz-insta-username\">\n\t\t\t\t\t\t\t\t<a rel=\"noopener\" target=\"_blank\" href=\"https:\/\/instagram.com\/kbv_middels\">@kbv_middels<\/a>\n\t\t\t\t\t\t\t<\/div>\n\t\t\t\t\t\t\t<div>&bull;<\/div>\n\t\t\t\t\t\t\t<div class=\"wpz-insta-follow\">\n\t\t\t\t\t\t\t\t<a target=\"_blank\" rel=\"noopener\"\n\t\t\t\t\t\t\t\thref=\"https:\/\/instagram.com\/kbv_middels?ref=badge\">\n\t\t\t\t\t\t\t\t\tFollow\n\t\t\t\t\t\t\t\t<\/a>\n\t\t\t\t\t\t\t<\/div>\n\t\t\t\t\t\t<\/div>\n\t\t\t\t\t<\/div><div class=\"wpz-insta-caption\">18.08.2026\nFreundschaftskampf Middels : Spekendorf \u26ab\ufe0f\ud83d\udd34\n\nSport verbindet, Tradition verbindet noch mehr! \nBeim Freundschaftskampf Middels vs. Spekendorf standen nicht nur die W\u00fcrfe im Mittelpunkt, sondern vor allem Geselligkeit, gute Laune und gelebte Nachbarschaftspflege. \ud83d\ude0a\nEin kleiner Schauer zwischendurch? Kein Problem, die Stimmung blieb bestens und der Spa\u00df kam definitiv nicht zu kurz.\nDanke f\u00fcr den sch\u00f6nen gemeinsamen Abend! \ud83c\udf40\n\nL\u00fcch up un fleu herut \u26ab\ud83d\udd34<\/div><div class=\"wpz-insta-date\">2\u00a0Wochen ago<\/div><div class=\"view-post\">\n\t\t\t\t\t<a href=\"https:\/\/www.instagram.com\/p\/DcO38CpN9ac\/\" target=\"_blank\" rel=\"noopener\"><span class=\"dashicons dashicons-instagram\"><\/span>View on Instagram<\/a>\n\t\t\t\t\t<span class=\"delimiter\">|<\/span>\n\t\t\t\t\t<div class=\"wpz-insta-pagination\">3\/20<\/div>\n\t\t\t\t\t<\/div><\/div><\/div><\/div><div data-uid=\"18064930766725017\" class=\"swiper-slide wpz-insta-lightbox-item\"><div class=\"wpz-insta-lightbox\"><div class=\"image-wrapper\"><div class=\"swiper\" style=\"height: 100%;\"><div class=\"swiper-wrapper wpz-insta-album-images\"><div class=\"swiper-slide wpz-insta-album-image\" data-media-type=\"image\"><img class=\"wpzoom-swiper-image swiper-lazy\" data-src=\"https:\/\/scontent-fra5-1.cdninstagram.com\/v\/t51.82787-15\/772586207_17977109988079880_4387326852958274619_n.jpg?stp=dst-jpg_e35_tt6&#038;_nc_cat=100&#038;ccb=7-5&#038;_nc_sid=18de74&#038;efg=eyJlZmdfdGFnIjoiQ0FST1VTRUxfSVRFTS5iZXN0X2ltYWdlX3VybGdlbi5DMyJ9&#038;_nc_ohc=B2eHQqC5e4UQ7kNvwFbGbmd&#038;_nc_oc=AdqNPgtgAi1ceKyOxYLvrg_Nxsdu_-YDDlIzALXRHvZqZ56diHiqERbTW1xohkpFNtk&#038;_nc_zt=23&#038;_nc_ht=scontent-fra5-1.cdninstagram.com&#038;edm=ANo9K5cEAAAA&#038;_nc_gid=uK57epsa_bu5sgeJQjxhUA&#038;_nc_tpa=Q5bMBQIBbBoRBfq5FdQGd0zW49ce9uAxZmtt4ZHUQvPjvo8CUulHP5ELE_Y-Tn4jaVlHtV42YslkRvsE&#038;oh=00_AQJ85JF4yr0Ckef4lIAiP-ZZzzxyLJ4MiEfutIUP9Syvig&#038;oe=6A9C6278\" alt=\"10.08.2026\nWas f\u00fcr ein Bambini-Training! \nAcht kleine Werferinnen &amp; Werfer, bestes Wetter und richtig gute Stimmung! \ud83d\udc83\ud83c\udffc \u2600\ufe0f \nDazu gab\u2019s heute noch die neuen KBV Middels T-Shirts.\nLaufen, werfen, lachen und Spa\u00df haben. \nGenau so soll\u2019s sein!\ud83d\ude0a\n\nL\u00fcch up un fleu herut! \ud83d\udd34\u26ab\"\/><div class=\"swiper-lazy-preloader swiper-lazy-preloader-white\"><\/div><\/div><div class=\"swiper-slide wpz-insta-album-image\" data-media-type=\"image\"><img class=\"wpzoom-swiper-image swiper-lazy\" data-src=\"https:\/\/scontent-fra3-2.cdninstagram.com\/v\/t51.82787-15\/773302410_17977110015079880_9149067196992664873_n.jpg?stp=dst-jpg_e35_tt6&#038;_nc_cat=111&#038;ccb=7-5&#038;_nc_sid=18de74&#038;efg=eyJlZmdfdGFnIjoiQ0FST1VTRUxfSVRFTS5iZXN0X2ltYWdlX3VybGdlbi5DMyJ9&#038;_nc_ohc=x4a-yonz3rgQ7kNvwEYNUK2&#038;_nc_oc=AdqUBtA-2CkanTN4eBrR5W6v_9x1wZEB7Sfw0UTEXJbIGruX8CBve9GT4ElwKeo9gsc&#038;_nc_zt=23&#038;_nc_ht=scontent-fra3-2.cdninstagram.com&#038;edm=ANo9K5cEAAAA&#038;_nc_gid=uK57epsa_bu5sgeJQjxhUA&#038;_nc_tpa=Q5bMBQKMIa2zLSYSuw-RBXTUSt6vlPTD3wNVEJyQeRg7Q8vVH_TZ949W8isIwHYDcGk-MJK_aTjAxR-C&#038;oh=00_AQLhcT3V6vgdkMWXn0sZsnk0FjBJKcm3iIdK5_-jK8Kj6g&#038;oe=6A9C7D43\" alt=\"10.08.2026\nWas f\u00fcr ein Bambini-Training! \nAcht kleine Werferinnen &amp; Werfer, bestes Wetter und richtig gute Stimmung! \ud83d\udc83\ud83c\udffc \u2600\ufe0f \nDazu gab\u2019s heute noch die neuen KBV Middels T-Shirts.\nLaufen, werfen, lachen und Spa\u00df haben. \nGenau so soll\u2019s sein!\ud83d\ude0a\n\nL\u00fcch up un fleu herut! \ud83d\udd34\u26ab\"\/><div class=\"swiper-lazy-preloader swiper-lazy-preloader-white\"><\/div><\/div><div class=\"swiper-slide wpz-insta-album-image\" data-media-type=\"video\"><video controls muted preload=\"none\"><source src=\"https:\/\/scontent-fra3-1.cdninstagram.com\/o1\/v\/t16\/f2\/m84\/AQN_G9S_82dKcPpAMSQFffsNU4oSuDXObLU4_x5ecjPqtC7hqykISIe1u3NSyf76s66u4wt0uNgHtKg3-3Kwf-Yupx4-fAhtGyEUIMg.mp4?_nc_cat=105&#038;_nc_sid=5e9851&#038;_nc_ht=scontent-fra3-1.cdninstagram.com&#038;_nc_ohc=HQ8BVhjKRk4Q7kNvwF6KORh&#038;efg=eyJ2ZW5jb2RlX3RhZyI6Inhwdl9wcm9ncmVzc2l2ZS5JTlNUQUdSQU0uQ0FST1VTRUxfSVRFTS5DMy43MjAuZGFzaF9iYXNlbGluZV8xX3YxIiwieHB2X2Fzc2V0X2lkIjoxNzk3NzExMDA0MjA3OTg4MCwiYXNzZXRfYWdlX2RheXMiOjIxLCJ2aV91c2VjYXNlX2lkIjoxMDE0NiwiZHVyYXRpb25fcyI6NCwidXJsZ2VuX3NvdXJjZSI6Ind3dyJ9&#038;ccb=17-1&#038;vs=abfa4f9f1cfcc0a7&#038;_nc_vs=HBksFQIYTGlnX2JhY2tmaWxsX3RpbWVsaW5lX3ZvZC9ERDRGQ0ExNkQ5MTZERDY1NkNBOUFDMEE3NUZEREY4N192aWRlb19kYXNoaW5pdC5tcDQVAALIARIAFQIYUWlnX3hwdl9wbGFjZW1lbnRfcGVybWFuZW50X3YyLzI3NEZDRDlFMEVENDBFOTMzMkQyOTZBM0NDOTI2MEJGX2F1ZGlvX2Rhc2hpbml0Lm1wNBUCAsgBEgAoABgAGwKIB3VzZV9vaWwBMRJwcm9ncmVzc2l2ZV9yZWNpcGUBMRUAACaQyquiw4XvPxUCKAJDMywXQBLMzMzMzM0YEmRhc2hfYmFzZWxpbmVfMV92MREAde4HZcSeAQA&#038;_nc_gid=uK57epsa_bu5sgeJQjxhUA&#038;edm=ANo9K5cEAAAA&#038;_nc_zt=28&#038;_nc_tpa=Q5bMBQKoa98WogdgBEFBFhV5skAExs7sM0wUINzBgflzl0EeuPcecxN_Htz0Xzyv2o4xBppVooWBlVDr&#038;oh=00_AQKUo3iUdrJZExBUZgMLDO06Cp-J_MLPYTt0LZeE_Vd4Kg&#038;oe=6A986EEF\" type=\"video\/mp4\"\/><\/video><\/div><div class=\"swiper-slide wpz-insta-album-image\" data-media-type=\"video\"><video controls muted preload=\"none\"><source src=\"https:\/\/scontent-fra5-1.cdninstagram.com\/o1\/v\/t16\/f2\/m84\/AQP-yidBRHl8IWYxcYFN98HMR_Dz3_mGIntMr9ssvIW9pvYoD60Qs7Pj_Q0-luILEIIJbHyV1PgpcvV5f2PDymDTlwpJggk7fuWW_gM.mp4?_nc_cat=100&#038;_nc_sid=5e9851&#038;_nc_ht=scontent-fra5-1.cdninstagram.com&#038;_nc_ohc=OGwPylDEmZQQ7kNvwFYCxfM&#038;efg=eyJ2ZW5jb2RlX3RhZyI6Inhwdl9wcm9ncmVzc2l2ZS5JTlNUQUdSQU0uQ0FST1VTRUxfSVRFTS5DMy43MjAuZGFzaF9iYXNlbGluZV8xX3YxIiwieHB2X2Fzc2V0X2lkIjoxNzk3NzExMDAzOTA3OTg4MCwiYXNzZXRfYWdlX2RheXMiOjIxLCJ2aV91c2VjYXNlX2lkIjoxMDE0NiwiZHVyYXRpb25fcyI6NSwidXJsZ2VuX3NvdXJjZSI6Ind3dyJ9&#038;ccb=17-1&#038;vs=133e626948626b18&#038;_nc_vs=HBksFQIYTGlnX2JhY2tmaWxsX3RpbWVsaW5lX3ZvZC9DMTQyQzZBOTUzODkzNDE5MTg2QUFCNkIxQzhBOUE4NV92aWRlb19kYXNoaW5pdC5tcDQVAALIARIAFQIYUWlnX3hwdl9wbGFjZW1lbnRfcGVybWFuZW50X3YyLzBENDkwRTVCMTVFRDhDNzBFNjUxQjM2QzE2MkNENUFDX2F1ZGlvX2Rhc2hpbml0Lm1wNBUCAsgBEgAoABgAGwKIB3VzZV9vaWwBMRJwcm9ncmVzc2l2ZV9yZWNpcGUBMRUAACaQr72fw4XvPxUCKAJDMywXQBWZmZmZmZoYEmRhc2hfYmFzZWxpbmVfMV92MREAde4HZcSeAQA&#038;_nc_gid=uK57epsa_bu5sgeJQjxhUA&#038;edm=ANo9K5cEAAAA&#038;_nc_zt=28&#038;_nc_tpa=Q5bMBQKnKIUj-d_WUXrG7tvzDFDfrWIdI0ax1WCSKpdZ8kCoPr2MzYsDp-X8n16LENg4ENDN8TmH7jBV&#038;oh=00_AQJZkMy575Jc4JMdajVwj1eucBLhW_IV1revY7HDC9hPbw&#038;oe=6A986BE8\" type=\"video\/mp4\"\/><\/video><\/div><div class=\"swiper-slide wpz-insta-album-image\" data-media-type=\"video\"><video controls muted preload=\"none\"><source src=\"https:\/\/scontent-fra3-2.cdninstagram.com\/o1\/v\/t16\/f2\/m84\/AQNsupVwHRGteCosRDjyqzJ43_v-14VER49sSeItTK9GaETqIDxnusXc-tekcoPBCM49YhRaKnTnSjy4y7asz-m_sZAH6k1tdFcmdeg.mp4?_nc_cat=111&#038;_nc_sid=5e9851&#038;_nc_ht=scontent-fra3-2.cdninstagram.com&#038;_nc_ohc=3uFzxT29DagQ7kNvwGII-nV&#038;efg=eyJ2ZW5jb2RlX3RhZyI6Inhwdl9wcm9ncmVzc2l2ZS5JTlNUQUdSQU0uQ0FST1VTRUxfSVRFTS5DMy43MjAuZGFzaF9iYXNlbGluZV8xX3YxIiwieHB2X2Fzc2V0X2lkIjoxNzk3NzExMDAwMzA3OTg4MCwiYXNzZXRfYWdlX2RheXMiOjIxLCJ2aV91c2VjYXNlX2lkIjoxMDE0NiwiZHVyYXRpb25fcyI6NCwidXJsZ2VuX3NvdXJjZSI6Ind3dyJ9&#038;ccb=17-1&#038;vs=31281dd09683a0b8&#038;_nc_vs=HBksFQIYTGlnX2JhY2tmaWxsX3RpbWVsaW5lX3ZvZC80NTQxNjg3MDMzMjdCMjhDRTBBNTM5QzMyODQ2QjE5Nl92aWRlb19kYXNoaW5pdC5tcDQVAALIARIAFQIYUWlnX3hwdl9wbGFjZW1lbnRfcGVybWFuZW50X3YyLzY3NDRFQjlGRTJCRTM4NzVFOUZCMUJCNjFFRDE2Qzk5X2F1ZGlvX2Rhc2hpbml0Lm1wNBUCAsgBEgAoABgAGwKIB3VzZV9vaWwBMRJwcm9ncmVzc2l2ZV9yZWNpcGUBMRUAACaQ65L9woXvPxUCKAJDMywXQBD41P3ztkYYEmRhc2hfYmFzZWxpbmVfMV92MREAde4HZcSeAQA&#038;_nc_gid=uK57epsa_bu5sgeJQjxhUA&#038;edm=ANo9K5cEAAAA&#038;_nc_zt=28&#038;_nc_tpa=Q5bMBQKXWxxB68O4IthWVqNEayOkaC-_Gqr7XqleOsERpNviXfew0Nphf34uYDDDRwwJppRApdrRfYBR&#038;oh=00_AQK-hNh5w_k_eGE7nOsfqf2CgTLf4amJzKK0JbcxJjw0CQ&#038;oe=6A988155\" type=\"video\/mp4\"\/><\/video><\/div><div class=\"swiper-slide wpz-insta-album-image\" data-media-type=\"video\"><video controls muted preload=\"none\"><source src=\"https:\/\/scontent-fra3-2.cdninstagram.com\/o1\/v\/t16\/f2\/m84\/AQMMwCZK_Q1NGWbEAdiZrFCa64YwjfHNuVY_RqL3iLTsMuLdMg2Pbi_akJiciPPEWDX1fS2LTistkxVCSBkLGjWp3mKaZi5p40_gwMw.mp4?_nc_cat=111&#038;_nc_sid=5e9851&#038;_nc_ht=scontent-fra3-2.cdninstagram.com&#038;_nc_ohc=FuSlJRjHNIsQ7kNvwEdy41s&#038;efg=eyJ2ZW5jb2RlX3RhZyI6Inhwdl9wcm9ncmVzc2l2ZS5JTlNUQUdSQU0uQ0FST1VTRUxfSVRFTS5DMy40ODAuZGFzaF9iYXNlbGluZV8xX3YxIiwieHB2X2Fzc2V0X2lkIjoxNzk3NzExMDA2NjA3OTg4MCwiYXNzZXRfYWdlX2RheXMiOjIxLCJ2aV91c2VjYXNlX2lkIjoxMDE0NiwiZHVyYXRpb25fcyI6MiwidXJsZ2VuX3NvdXJjZSI6Ind3dyJ9&#038;ccb=17-1&#038;vs=6d7227265722205a&#038;_nc_vs=HBksFQIYTGlnX2JhY2tmaWxsX3RpbWVsaW5lX3ZvZC8wMTQ3NzJERTgzMjgyMUQ4M0VGMEI2NzBFREI4NTJCNV92aWRlb19kYXNoaW5pdC5tcDQVAALIARIAFQIYUWlnX3hwdl9wbGFjZW1lbnRfcGVybWFuZW50X3YyL0FCNDgwM0Y1MjNGMzY1Q0M2NDlBNEFCMjUzMDIzMjg3X2F1ZGlvX2Rhc2hpbml0Lm1wNBUCAsgBEgAoABgAGwKIB3VzZV9vaWwBMRJwcm9ncmVzc2l2ZV9yZWNpcGUBMRUAACaQop25w4XvPxUCKAJDMywXQAcSbpeNT98YEmRhc2hfYmFzZWxpbmVfMV92MREAde4HZcSeAQA&#038;_nc_gid=uK57epsa_bu5sgeJQjxhUA&#038;edm=ANo9K5cEAAAA&#038;_nc_zt=28&#038;_nc_tpa=Q5bMBQLVCnEHPETzJLL2vk23cUONkdS0_AoKuZyzlwI9wz8HTg0gXYiHivJbc_MXSR8drCCkOj2voIAJ&#038;oh=00_AQKNMPDm8ZSpfHqR4hfSFEQYub49PkdJs02_t2e2IgnxwA&#038;oe=6A98745D\" type=\"video\/mp4\"\/><\/video><\/div><div class=\"swiper-slide wpz-insta-album-image\" data-media-type=\"video\"><video controls muted preload=\"none\"><source src=\"https:\/\/scontent-fra3-2.cdninstagram.com\/o1\/v\/t16\/f2\/m84\/AQNuA96QTGM6pmrnSG0hIpPzfPowKFU7yxw8xnS5pL7GZ7jw4IlKshqSI2QDb-8khP2JIKn8t46BuiAnpp2F6hiZ557l13HD808A9Ik.mp4?_nc_cat=104&#038;_nc_sid=5e9851&#038;_nc_ht=scontent-fra3-2.cdninstagram.com&#038;_nc_ohc=oPdW4E4jEkgQ7kNvwE1cKPj&#038;efg=eyJ2ZW5jb2RlX3RhZyI6Inhwdl9wcm9ncmVzc2l2ZS5JTlNUQUdSQU0uQ0FST1VTRUxfSVRFTS5DMy40ODAuZGFzaF9iYXNlbGluZV8xX3YxIiwieHB2X2Fzc2V0X2lkIjoxNzk3NzExMDAwOTA3OTg4MCwiYXNzZXRfYWdlX2RheXMiOjIxLCJ2aV91c2VjYXNlX2lkIjoxMDE0NiwiZHVyYXRpb25fcyI6MywidXJsZ2VuX3NvdXJjZSI6Ind3dyJ9&#038;ccb=17-1&#038;vs=8fc1e121454865e3&#038;_nc_vs=HBksFQIYTGlnX2JhY2tmaWxsX3RpbWVsaW5lX3ZvZC8wRTRDNTM4QzI1OTNBNUU2RUI4MTlENjY2MDdBOTNBMV92aWRlb19kYXNoaW5pdC5tcDQVAALIARIAFQIYUWlnX3hwdl9wbGFjZW1lbnRfcGVybWFuZW50X3YyL0M1NDZFREY3M0I4OTU2RDMxOTRFMjNBOEEwRTdDQ0JGX2F1ZGlvX2Rhc2hpbml0Lm1wNBUCAsgBEgAoABgAGwKIB3VzZV9vaWwBMRJwcm9ncmVzc2l2ZV9yZWNpcGUBMRUAACaQoe-Cw4XvPxUCKAJDMywXQA5mZmZmZmYYEmRhc2hfYmFzZWxpbmVfMV92MREAde4HZcSeAQA&#038;_nc_gid=uK57epsa_bu5sgeJQjxhUA&#038;edm=ANo9K5cEAAAA&#038;_nc_zt=28&#038;_nc_tpa=Q5bMBQLm-iz1rIhC6skoWenYk2_5uupyMNBA-m9ij3EQ-WizXebQZDGmskmxgv5e7szN7a_d_AYsMR4f&#038;oh=00_AQLCKD9WQeAVSs-gVwZAPqBKzQx0ZQxFD9fdo3hpkIK0Hg&#038;oe=6A9856C4\" type=\"video\/mp4\"\/><\/video><\/div><div class=\"swiper-slide wpz-insta-album-image\" data-media-type=\"image\"><img class=\"wpzoom-swiper-image swiper-lazy\" data-src=\"https:\/\/scontent-fra5-2.cdninstagram.com\/v\/t51.82787-15\/770985962_17977110102079880_119255426929471489_n.jpg?stp=dst-jpg_e35_tt6&#038;_nc_cat=107&#038;ccb=7-5&#038;_nc_sid=18de74&#038;efg=eyJlZmdfdGFnIjoiQ0FST1VTRUxfSVRFTS5iZXN0X2ltYWdlX3VybGdlbi5DMyJ9&#038;_nc_ohc=pfr8_pmsxWkQ7kNvwHGm4gv&#038;_nc_oc=AdqRagj8DzxXYqdlWWeLwYIjj4j5YACs3Nznu2oQQUakHJrH4Pfyqfy3lthROGK9ZF0&#038;_nc_zt=23&#038;_nc_ht=scontent-fra5-2.cdninstagram.com&#038;edm=ANo9K5cEAAAA&#038;_nc_gid=uK57epsa_bu5sgeJQjxhUA&#038;_nc_tpa=Q5bMBQKPQCyMJR7xWrq0aQdv2QAJKo0G5dWuKi7yI9JCYXv4_vgmkCDuSr8r3XqvCbpRe2bjP56nmq1I&#038;oh=00_AQIU-3AuZCk8DCjac8G6P2vBYAuStlgUJkDogcNDGZ-IJg&#038;oe=6A9C65A2\" alt=\"10.08.2026\nWas f\u00fcr ein Bambini-Training! \nAcht kleine Werferinnen &amp; Werfer, bestes Wetter und richtig gute Stimmung! \ud83d\udc83\ud83c\udffc \u2600\ufe0f \nDazu gab\u2019s heute noch die neuen KBV Middels T-Shirts.\nLaufen, werfen, lachen und Spa\u00df haben. \nGenau so soll\u2019s sein!\ud83d\ude0a\n\nL\u00fcch up un fleu herut! \ud83d\udd34\u26ab\"\/><div class=\"swiper-lazy-preloader swiper-lazy-preloader-white\"><\/div><\/div><\/div><div class=\"swiper-pagination\"><\/div><div class=\"swiper-button-prev\"><\/div><div class=\"swiper-button-next\"><\/div><\/div><\/div>\n\t\t\t\t\t<div class=\"details-wrapper\">\n\t\t\t\t\t<div class=\"wpz-insta-header\">\n\t\t\t\t\t\t<div class=\"wpz-insta-avatar\">\n\t\t\t\t\t\t\t<img loading=\"lazy\" decoding=\"async\" src=\"https:\/\/www.kbv-middels.de\/WordPress\/wp-content\/uploads\/2023\/10\/387266684_341330328540150_6646291519891865113_n-1-150x150.jpg\" alt=\"@kbv_middels\" width=\"42\" height=\"42\"\/>\n\t\t\t\t\t\t<\/div>\n\t\t\t\t\t\t<div class=\"wpz-insta-buttons\">\n\t\t\t\t\t\t\t<div class=\"wpz-insta-username\">\n\t\t\t\t\t\t\t\t<a rel=\"noopener\" target=\"_blank\" href=\"https:\/\/instagram.com\/kbv_middels\">@kbv_middels<\/a>\n\t\t\t\t\t\t\t<\/div>\n\t\t\t\t\t\t\t<div>&bull;<\/div>\n\t\t\t\t\t\t\t<div class=\"wpz-insta-follow\">\n\t\t\t\t\t\t\t\t<a target=\"_blank\" rel=\"noopener\"\n\t\t\t\t\t\t\t\thref=\"https:\/\/instagram.com\/kbv_middels?ref=badge\">\n\t\t\t\t\t\t\t\t\tFollow\n\t\t\t\t\t\t\t\t<\/a>\n\t\t\t\t\t\t\t<\/div>\n\t\t\t\t\t\t<\/div>\n\t\t\t\t\t<\/div><div class=\"wpz-insta-caption\">10.08.2026\nWas f\u00fcr ein Bambini-Training! \nAcht kleine Werferinnen &amp; Werfer, bestes Wetter und richtig gute Stimmung! \ud83d\udc83\ud83c\udffc \u2600\ufe0f \nDazu gab\u2019s heute noch die neuen KBV Middels T-Shirts.\nLaufen, werfen, lachen und Spa\u00df haben. \nGenau so soll\u2019s sein!\ud83d\ude0a\n\nL\u00fcch up un fleu herut! \ud83d\udd34\u26ab<\/div><div class=\"wpz-insta-date\">3\u00a0Wochen ago<\/div><div class=\"view-post\">\n\t\t\t\t\t<a href=\"https:\/\/www.instagram.com\/p\/Db3pKxUDWCF\/\" target=\"_blank\" rel=\"noopener\"><span class=\"dashicons dashicons-instagram\"><\/span>View on Instagram<\/a>\n\t\t\t\t\t<span class=\"delimiter\">|<\/span>\n\t\t\t\t\t<div class=\"wpz-insta-pagination\">4\/20<\/div>\n\t\t\t\t\t<\/div><\/div><\/div><\/div><div data-uid=\"18273478936293840\" class=\"swiper-slide wpz-insta-lightbox-item\"><div class=\"wpz-insta-lightbox\"><div class=\"image-wrapper\"><img class=\"wpzoom-swiper-image swiper-lazy\" data-src=\"https:\/\/www.kbv-middels.de\/WordPress\/wp-content\/uploads\/2023\/05\/746429360_17973238302079880_4179685015203375758_n.jpg\" alt=\"Du m\u00f6chtest den Bosselsport kennenlernen, Teil einer tollen Gemeinschaft werden oder einfach mal unverbindlich reinschnuppern? Dann bist du bei uns genau richtig! \ud83d\udcaa\u26ab\ufe0f\ud83d\udd34\n\n\ud83d\udce9 Meld dich gern per Nachricht f\u00fcr die Trainingstermine und komm einfach zum Training vorbei.\n\nWir freuen uns auf viele neue Gesichter! \u2764\ufe0f\ud83d\udda4\ud83e\udd0d\"\/><div class=\"swiper-lazy-preloader swiper-lazy-preloader-white\"><\/div><\/div>\n\t\t\t\t\t<div class=\"details-wrapper\">\n\t\t\t\t\t<div class=\"wpz-insta-header\">\n\t\t\t\t\t\t<div class=\"wpz-insta-avatar\">\n\t\t\t\t\t\t\t<img loading=\"lazy\" decoding=\"async\" src=\"https:\/\/www.kbv-middels.de\/WordPress\/wp-content\/uploads\/2023\/10\/387266684_341330328540150_6646291519891865113_n-1-150x150.jpg\" alt=\"@kbv_middels\" width=\"42\" height=\"42\"\/>\n\t\t\t\t\t\t<\/div>\n\t\t\t\t\t\t<div class=\"wpz-insta-buttons\">\n\t\t\t\t\t\t\t<div class=\"wpz-insta-username\">\n\t\t\t\t\t\t\t\t<a rel=\"noopener\" target=\"_blank\" href=\"https:\/\/instagram.com\/kbv_middels\">@kbv_middels<\/a>\n\t\t\t\t\t\t\t<\/div>\n\t\t\t\t\t\t\t<div>&bull;<\/div>\n\t\t\t\t\t\t\t<div class=\"wpz-insta-follow\">\n\t\t\t\t\t\t\t\t<a target=\"_blank\" rel=\"noopener\"\n\t\t\t\t\t\t\t\thref=\"https:\/\/instagram.com\/kbv_middels?ref=badge\">\n\t\t\t\t\t\t\t\t\tFollow\n\t\t\t\t\t\t\t\t<\/a>\n\t\t\t\t\t\t\t<\/div>\n\t\t\t\t\t\t<\/div>\n\t\t\t\t\t<\/div><div class=\"wpz-insta-caption\">Du m\u00f6chtest den Bosselsport kennenlernen, Teil einer tollen Gemeinschaft werden oder einfach mal unverbindlich reinschnuppern? Dann bist du bei uns genau richtig! \ud83d\udcaa\u26ab\ufe0f\ud83d\udd34\n\n\ud83d\udce9 Meld dich gern per Nachricht f\u00fcr die Trainingstermine und komm einfach zum Training vorbei.\n\nWir freuen uns auf viele neue Gesichter! \u2764\ufe0f\ud83d\udda4\ud83e\udd0d<\/div><div class=\"wpz-insta-date\">2\u00a0Monaten ago<\/div><div class=\"view-post\">\n\t\t\t\t\t<a href=\"https:\/\/www.instagram.com\/p\/Da0CeZEt_WK\/\" target=\"_blank\" rel=\"noopener\"><span class=\"dashicons dashicons-instagram\"><\/span>View on Instagram<\/a>\n\t\t\t\t\t<span class=\"delimiter\">|<\/span>\n\t\t\t\t\t<div class=\"wpz-insta-pagination\">5\/20<\/div>\n\t\t\t\t\t<\/div><\/div><\/div><\/div><div data-uid=\"18429381541135263\" class=\"swiper-slide wpz-insta-lightbox-item\"><div class=\"wpz-insta-lightbox\"><div class=\"image-wrapper\"><img class=\"wpzoom-swiper-image swiper-lazy blurred\" data-src=\"https:\/\/www.kbv-middels.de\/WordPress\/wp-content\/uploads\/2018\/08\/746589496_2022992041643887_6215300616452774237_n.jpg\" alt=\"\u2600\ufe0f Trainingsbeginn unserer D-Jugend-M\u00e4dels! \u26ab\ufe0f\ud83d\udd34\n\nBei bestem Wetter sind unsere M\u00e4dels wieder ins Training gestartet. \nMit jeder Menge Spa\u00df, Ehrgeiz und Motivation ging es bereits zum zweiten Mal auf die breite Hauptstra\u00dfe. \u263a\ufe0f\nAlle haben sich alle richtig gut geschlagen \u2013 weiter so, M\u00e4dels! Zum Abschluss gab es S\u00fc\u00dfigkeiten und k\u00fchle Getr\u00e4nke \ud83e\udd64 \n\nWir freuen uns auf eine tolle Saison!\ud83d\udd34\u26ab\ufe0f #kbvmiddels\"\/><div class=\"wpz-no-reel-link-wrapper\"><a class=\"wpz-no-reel-link\" target=\"_blank\" href=\"https:\/\/www.instagram.com\/reel\/Daz7PH7t02H\/\"><span class=\"dashicons dashicons-controls-play\"><\/span>View Reel on Instagram<\/a><\/div><\/div>\n\t\t\t\t\t<div class=\"details-wrapper\">\n\t\t\t\t\t<div class=\"wpz-insta-header\">\n\t\t\t\t\t\t<div class=\"wpz-insta-avatar\">\n\t\t\t\t\t\t\t<img loading=\"lazy\" decoding=\"async\" src=\"https:\/\/www.kbv-middels.de\/WordPress\/wp-content\/uploads\/2023\/10\/387266684_341330328540150_6646291519891865113_n-1-150x150.jpg\" alt=\"@kbv_middels\" width=\"42\" height=\"42\"\/>\n\t\t\t\t\t\t<\/div>\n\t\t\t\t\t\t<div class=\"wpz-insta-buttons\">\n\t\t\t\t\t\t\t<div class=\"wpz-insta-username\">\n\t\t\t\t\t\t\t\t<a rel=\"noopener\" target=\"_blank\" href=\"https:\/\/instagram.com\/kbv_middels\">@kbv_middels<\/a>\n\t\t\t\t\t\t\t<\/div>\n\t\t\t\t\t\t\t<div>&bull;<\/div>\n\t\t\t\t\t\t\t<div class=\"wpz-insta-follow\">\n\t\t\t\t\t\t\t\t<a target=\"_blank\" rel=\"noopener\"\n\t\t\t\t\t\t\t\thref=\"https:\/\/instagram.com\/kbv_middels?ref=badge\">\n\t\t\t\t\t\t\t\t\tFollow\n\t\t\t\t\t\t\t\t<\/a>\n\t\t\t\t\t\t\t<\/div>\n\t\t\t\t\t\t<\/div>\n\t\t\t\t\t<\/div><div class=\"wpz-insta-caption\">\u2600\ufe0f Trainingsbeginn unserer D-Jugend-M\u00e4dels! \u26ab\ufe0f\ud83d\udd34\n\nBei bestem Wetter sind unsere M\u00e4dels wieder ins Training gestartet. \nMit jeder Menge Spa\u00df, Ehrgeiz und Motivation ging es bereits zum zweiten Mal auf die breite Hauptstra\u00dfe. \u263a\ufe0f\nAlle haben sich alle richtig gut geschlagen \u2013 weiter so, M\u00e4dels! Zum Abschluss gab es S\u00fc\u00dfigkeiten und k\u00fchle Getr\u00e4nke \ud83e\udd64 \n\nWir freuen uns auf eine tolle Saison!\ud83d\udd34\u26ab\ufe0f #kbvmiddels<\/div><div class=\"wpz-insta-date\">2\u00a0Monaten ago<\/div><div class=\"view-post\">\n\t\t\t\t\t<a href=\"https:\/\/www.instagram.com\/reel\/Daz7PH7t02H\/\" target=\"_blank\" rel=\"noopener\"><span class=\"dashicons dashicons-instagram\"><\/span>View on Instagram<\/a>\n\t\t\t\t\t<span class=\"delimiter\">|<\/span>\n\t\t\t\t\t<div class=\"wpz-insta-pagination\">6\/20<\/div>\n\t\t\t\t\t<\/div><\/div><\/div><\/div><div data-uid=\"17861319516642760\" class=\"swiper-slide wpz-insta-lightbox-item\"><div class=\"wpz-insta-lightbox\"><div class=\"image-wrapper\"><div class=\"swiper\" style=\"height: 100%;\"><div class=\"swiper-wrapper wpz-insta-album-images\"><div class=\"swiper-slide wpz-insta-album-image\" data-media-type=\"image\"><img class=\"wpzoom-swiper-image swiper-lazy\" data-src=\"https:\/\/scontent-fra5-1.cdninstagram.com\/v\/t51.82787-15\/731232841_17971376091079880_7919173155891802717_n.jpg?stp=dst-jpg_e35_tt6&#038;_nc_cat=100&#038;ccb=7-5&#038;_nc_sid=18de74&#038;efg=eyJlZmdfdGFnIjoiQ0FST1VTRUxfSVRFTS5iZXN0X2ltYWdlX3VybGdlbi5DMyJ9&#038;_nc_ohc=TwXYkRbsgdwQ7kNvwGM0Ivi&#038;_nc_oc=AdqhXaOWQgJbjABLosL5vkh7mjqg4CT92PBCOy4DuFAwSpDrsKSprU0rE-AblXmSd_I&#038;_nc_zt=23&#038;_nc_ht=scontent-fra5-1.cdninstagram.com&#038;edm=ANo9K5cEAAAA&#038;_nc_gid=uK57epsa_bu5sgeJQjxhUA&#038;_nc_tpa=Q5bMBQKn0jPlcKRhl0u1burOjywwFbZs1RRhEJ2aHwuFGqhWIZ8dUEfv0VWRyqE-1ttCweEBA0yzsy40&#038;oh=00_AQI8hrbpFz6yrAEHej1GIx_w8Ha_YGe33TuPH5KhNjQFRg&#038;oe=6A9C5E04\" alt=\"Trainingseinheit 01.07. \n\nSchwei\u00df ist geflossen, das Training ist erledigt. Danach ging\u2019s zum gem\u00fctlichen Teil des Abends: kein \u201eSit-in\u201c , sondern ein echtes \u201eSit-oudoor\u201c vor dem Vereinsheim. \n\nMit den M\u00e4nnern wurde gekl\u00f6nt, gelacht und die Welt neu sortiert. Und als w\u00e4re das nicht schon ungew\u00f6hnlich genug, stand auch noch Spekulatius auf dem Programm. Juli kann eben auch Weihnachten.\n\nL\u00fcch up un fleu herut \ud83d\udd34\u26ab\"\/><div class=\"swiper-lazy-preloader swiper-lazy-preloader-white\"><\/div><\/div><div class=\"swiper-slide wpz-insta-album-image\" data-media-type=\"image\"><img class=\"wpzoom-swiper-image swiper-lazy\" data-src=\"https:\/\/scontent-fra5-2.cdninstagram.com\/v\/t51.82787-15\/734932258_17971376100079880_955089494258720515_n.jpg?stp=dst-jpg_e35_tt6&#038;_nc_cat=106&#038;ccb=7-5&#038;_nc_sid=18de74&#038;efg=eyJlZmdfdGFnIjoiQ0FST1VTRUxfSVRFTS5iZXN0X2ltYWdlX3VybGdlbi5DMyJ9&#038;_nc_ohc=uK-9oowkvdgQ7kNvwHjiKkM&#038;_nc_oc=AdqECcMIyxsxk8V0_oaT_CMfGL-2zQx2gx9gOUjLQO9Rf8b2pbn983UpAnaKU1_4FwY&#038;_nc_zt=23&#038;_nc_ht=scontent-fra5-2.cdninstagram.com&#038;edm=ANo9K5cEAAAA&#038;_nc_gid=uK57epsa_bu5sgeJQjxhUA&#038;_nc_tpa=Q5bMBQKJHjIy7oSafqejsck2LQAQmCNOb4DbwHjnJzkJmhtQvx3OBsFs25ou2XxhWo0sOjDzIH08deXh&#038;oh=00_AQKEzSxt_Tsbr1cBsFXsEXBYdtbNpYkHnRHl8w1viNENZw&#038;oe=6A9C4F5C\" alt=\"Trainingseinheit 01.07. \n\nSchwei\u00df ist geflossen, das Training ist erledigt. Danach ging\u2019s zum gem\u00fctlichen Teil des Abends: kein \u201eSit-in\u201c , sondern ein echtes \u201eSit-oudoor\u201c vor dem Vereinsheim. \n\nMit den M\u00e4nnern wurde gekl\u00f6nt, gelacht und die Welt neu sortiert. Und als w\u00e4re das nicht schon ungew\u00f6hnlich genug, stand auch noch Spekulatius auf dem Programm. Juli kann eben auch Weihnachten.\n\nL\u00fcch up un fleu herut \ud83d\udd34\u26ab\"\/><div class=\"swiper-lazy-preloader swiper-lazy-preloader-white\"><\/div><\/div><div class=\"swiper-slide wpz-insta-album-image\" data-media-type=\"image\"><img class=\"wpzoom-swiper-image swiper-lazy\" data-src=\"https:\/\/scontent-fra5-1.cdninstagram.com\/v\/t51.82787-15\/733096933_17971376127079880_6939430278566950614_n.jpg?stp=dst-jpg_e35_tt6&#038;_nc_cat=100&#038;ccb=7-5&#038;_nc_sid=18de74&#038;efg=eyJlZmdfdGFnIjoiQ0FST1VTRUxfSVRFTS5iZXN0X2ltYWdlX3VybGdlbi5DMyJ9&#038;_nc_ohc=V8AJeP-gM8sQ7kNvwH7xnHH&#038;_nc_oc=Adot7KfqT6-yoPQzzjeDzevIEMXzZB6DUo_FozCzgmxoZLlldb3u_Bd8NYrGnj4XM7c&#038;_nc_zt=23&#038;_nc_ht=scontent-fra5-1.cdninstagram.com&#038;edm=ANo9K5cEAAAA&#038;_nc_gid=uK57epsa_bu5sgeJQjxhUA&#038;_nc_tpa=Q5bMBQKmXfQ-RbRL2pX9-h3ivWPVzdgvSNAKko4gIRFSPZza_aKvtGX_UjkT8FGkQkTYHoNFreDMKM2T&#038;oh=00_AQJVkPhqWm3StVA6z8vXpv8yhR3IPx9OZBzLXMVc3GfpYw&#038;oe=6A9C6B22\" alt=\"Trainingseinheit 01.07. \n\nSchwei\u00df ist geflossen, das Training ist erledigt. Danach ging\u2019s zum gem\u00fctlichen Teil des Abends: kein \u201eSit-in\u201c , sondern ein echtes \u201eSit-oudoor\u201c vor dem Vereinsheim. \n\nMit den M\u00e4nnern wurde gekl\u00f6nt, gelacht und die Welt neu sortiert. Und als w\u00e4re das nicht schon ungew\u00f6hnlich genug, stand auch noch Spekulatius auf dem Programm. Juli kann eben auch Weihnachten.\n\nL\u00fcch up un fleu herut \ud83d\udd34\u26ab\"\/><div class=\"swiper-lazy-preloader swiper-lazy-preloader-white\"><\/div><\/div><div class=\"swiper-slide wpz-insta-album-image\" data-media-type=\"image\"><img class=\"wpzoom-swiper-image swiper-lazy\" data-src=\"https:\/\/scontent-fra3-1.cdninstagram.com\/v\/t51.82787-15\/731211109_17971376118079880_36731777237691697_n.jpg?stp=dst-jpg_e35_tt6&#038;_nc_cat=103&#038;ccb=7-5&#038;_nc_sid=18de74&#038;efg=eyJlZmdfdGFnIjoiQ0FST1VTRUxfSVRFTS5iZXN0X2ltYWdlX3VybGdlbi5DMyJ9&#038;_nc_ohc=cAjF6cfIV4QQ7kNvwFSWZ3G&#038;_nc_oc=AdquCEWtyTiHwiVVJR3-oKE-YMbaBHRScsYLGIihEiZzLy1tPQASrYpaC-P2VK82H4M&#038;_nc_zt=23&#038;_nc_ht=scontent-fra3-1.cdninstagram.com&#038;edm=ANo9K5cEAAAA&#038;_nc_gid=uK57epsa_bu5sgeJQjxhUA&#038;_nc_tpa=Q5bMBQJWDj0XiPdPU8xpFRs_2rytUQfcCBau34Yc9E4byxzt6fptLEelukLugLihY02Fb3WVczZADCgu&#038;oh=00_AQLMb_9tsnEKSKb6SylBK2N0tSGEZeLY8NTsc2bNaM0SKg&#038;oe=6A9C54CE\" alt=\"Trainingseinheit 01.07. \n\nSchwei\u00df ist geflossen, das Training ist erledigt. Danach ging\u2019s zum gem\u00fctlichen Teil des Abends: kein \u201eSit-in\u201c , sondern ein echtes \u201eSit-oudoor\u201c vor dem Vereinsheim. \n\nMit den M\u00e4nnern wurde gekl\u00f6nt, gelacht und die Welt neu sortiert. Und als w\u00e4re das nicht schon ungew\u00f6hnlich genug, stand auch noch Spekulatius auf dem Programm. Juli kann eben auch Weihnachten.\n\nL\u00fcch up un fleu herut \ud83d\udd34\u26ab\"\/><div class=\"swiper-lazy-preloader swiper-lazy-preloader-white\"><\/div><\/div><div class=\"swiper-slide wpz-insta-album-image\" data-media-type=\"image\"><img class=\"wpzoom-swiper-image swiper-lazy\" data-src=\"https:\/\/scontent-fra5-1.cdninstagram.com\/v\/t51.82787-15\/730413788_17971376109079880_5313111097749607100_n.jpg?stp=dst-jpg_e35_tt6&#038;_nc_cat=110&#038;ccb=7-5&#038;_nc_sid=18de74&#038;efg=eyJlZmdfdGFnIjoiQ0FST1VTRUxfSVRFTS5iZXN0X2ltYWdlX3VybGdlbi5DMyJ9&#038;_nc_ohc=pS4OBt0FdsMQ7kNvwEFQRzc&#038;_nc_oc=AdpBx2eoC0krzRuPB8QBg9n94fHg0ecqlu21AUN7Oh8ZV263jMOi40BDxWcmWixai-k&#038;_nc_zt=23&#038;_nc_ht=scontent-fra5-1.cdninstagram.com&#038;edm=ANo9K5cEAAAA&#038;_nc_gid=uK57epsa_bu5sgeJQjxhUA&#038;_nc_tpa=Q5bMBQLmPKUAVxjMa0yheH-hUkPhty9H5oNkNDIBVL4oCpjHp5JQM7PB6IqX5_Ux0ku_s_QhuUMfdSBW&#038;oh=00_AQKSUNAHntR1F2et8gxCWNkvRwv_l1LGAkjqK1hE7NFMuQ&#038;oe=6A9C58C6\" alt=\"Trainingseinheit 01.07. \n\nSchwei\u00df ist geflossen, das Training ist erledigt. Danach ging\u2019s zum gem\u00fctlichen Teil des Abends: kein \u201eSit-in\u201c , sondern ein echtes \u201eSit-oudoor\u201c vor dem Vereinsheim. \n\nMit den M\u00e4nnern wurde gekl\u00f6nt, gelacht und die Welt neu sortiert. Und als w\u00e4re das nicht schon ungew\u00f6hnlich genug, stand auch noch Spekulatius auf dem Programm. Juli kann eben auch Weihnachten.\n\nL\u00fcch up un fleu herut \ud83d\udd34\u26ab\"\/><div class=\"swiper-lazy-preloader swiper-lazy-preloader-white\"><\/div><\/div><\/div><div class=\"swiper-pagination\"><\/div><div class=\"swiper-button-prev\"><\/div><div class=\"swiper-button-next\"><\/div><\/div><\/div>\n\t\t\t\t\t<div class=\"details-wrapper\">\n\t\t\t\t\t<div class=\"wpz-insta-header\">\n\t\t\t\t\t\t<div class=\"wpz-insta-avatar\">\n\t\t\t\t\t\t\t<img loading=\"lazy\" decoding=\"async\" src=\"https:\/\/www.kbv-middels.de\/WordPress\/wp-content\/uploads\/2023\/10\/387266684_341330328540150_6646291519891865113_n-1-150x150.jpg\" alt=\"@kbv_middels\" width=\"42\" height=\"42\"\/>\n\t\t\t\t\t\t<\/div>\n\t\t\t\t\t\t<div class=\"wpz-insta-buttons\">\n\t\t\t\t\t\t\t<div class=\"wpz-insta-username\">\n\t\t\t\t\t\t\t\t<a rel=\"noopener\" target=\"_blank\" href=\"https:\/\/instagram.com\/kbv_middels\">@kbv_middels<\/a>\n\t\t\t\t\t\t\t<\/div>\n\t\t\t\t\t\t\t<div>&bull;<\/div>\n\t\t\t\t\t\t\t<div class=\"wpz-insta-follow\">\n\t\t\t\t\t\t\t\t<a target=\"_blank\" rel=\"noopener\"\n\t\t\t\t\t\t\t\thref=\"https:\/\/instagram.com\/kbv_middels?ref=badge\">\n\t\t\t\t\t\t\t\t\tFollow\n\t\t\t\t\t\t\t\t<\/a>\n\t\t\t\t\t\t\t<\/div>\n\t\t\t\t\t\t<\/div>\n\t\t\t\t\t<\/div><div class=\"wpz-insta-caption\">Trainingseinheit 01.07. \n\nSchwei\u00df ist geflossen, das Training ist erledigt. Danach ging\u2019s zum gem\u00fctlichen Teil des Abends: kein \u201eSit-in\u201c , sondern ein echtes \u201eSit-oudoor\u201c vor dem Vereinsheim. \n\nMit den M\u00e4nnern wurde gekl\u00f6nt, gelacht und die Welt neu sortiert. Und als w\u00e4re das nicht schon ungew\u00f6hnlich genug, stand auch noch Spekulatius auf dem Programm. Juli kann eben auch Weihnachten.\n\nL\u00fcch up un fleu herut \ud83d\udd34\u26ab<\/div><div class=\"wpz-insta-date\">2\u00a0Monaten ago<\/div><div class=\"view-post\">\n\t\t\t\t\t<a href=\"https:\/\/www.instagram.com\/p\/DaSlUH7DTUB\/\" target=\"_blank\" rel=\"noopener\"><span class=\"dashicons dashicons-instagram\"><\/span>View on Instagram<\/a>\n\t\t\t\t\t<span class=\"delimiter\">|<\/span>\n\t\t\t\t\t<div class=\"wpz-insta-pagination\">7\/20<\/div>\n\t\t\t\t\t<\/div><\/div><\/div><\/div><div data-uid=\"18033641129817169\" class=\"swiper-slide wpz-insta-lightbox-item\"><div class=\"wpz-insta-lightbox\"><div class=\"image-wrapper\"><div class=\"swiper\" style=\"height: 100%;\"><div class=\"swiper-wrapper wpz-insta-album-images\"><div class=\"swiper-slide wpz-insta-album-image\" data-media-type=\"image\"><img class=\"wpzoom-swiper-image swiper-lazy\" data-src=\"https:\/\/scontent-fra3-1.cdninstagram.com\/v\/t51.82787-15\/730451341_17971375731079880_8457382511733863095_n.jpg?stp=dst-jpg_e35_tt6&#038;_nc_cat=103&#038;ccb=7-5&#038;_nc_sid=18de74&#038;efg=eyJlZmdfdGFnIjoiQ0FST1VTRUxfSVRFTS5iZXN0X2ltYWdlX3VybGdlbi5DMyJ9&#038;_nc_ohc=U29EdHj4-xwQ7kNvwF4eNvB&#038;_nc_oc=AdoNmMNYD7PpsJHQKF4iy9xk7lOdCoxo9M_0FOGTwaICCmnBxLTEKam3yt9VhVX1L6A&#038;_nc_zt=23&#038;_nc_ht=scontent-fra3-1.cdninstagram.com&#038;edm=ANo9K5cEAAAA&#038;_nc_gid=uK57epsa_bu5sgeJQjxhUA&#038;_nc_tpa=Q5bMBQIfeGvN8HjJfvkmEIdLFujtC5VtpWrZcwxoaknTeihM_2osnUetQwBkjUBdWjKxtbyDrYBNXiNk&#038;oh=00_AQLuZPkYbQNvNJc8Fu2I3dQ8ScJ9HEQ2AeHh4OO4_crDMg&#038;oe=6A9C55C1\" alt=\"Bo\u00dfeltraining der Bambinis am Montag, 29.06.\n\nWas f\u00fcr ein tolles Training! Die Beteiligung war einfach b\u00e4renstark und alle waren mit viel Freude und Eifer dabei. \ud83d\udcaa\n\nDie Reihenfolge einzuhalten hat anfangs prima funktioniert... bis am Ende das fr\u00f6hliche Chaos \u00fcbernommen hat. \ud83d\ude02 Genau so soll Kindertraining sein!\n\nUnd das Beste: In den Sommerferien wird weiter trainiert, eine Pause gibt\u2019s bei uns nicht. \n\nWeiter geht\u2019s in zwei Wochen am Freitag. Zum Abschluss gibt es f\u00fcr alle Bambinis wieder eine wohlverdiente Capri-Sonne. \ud83e\uddc3 \nWir freuen uns auf euch! \ud83d\ude0a \n\nL\u00fcch up un fleu herut \ud83d\udd34\u26ab\"\/><div class=\"swiper-lazy-preloader swiper-lazy-preloader-white\"><\/div><\/div><div class=\"swiper-slide wpz-insta-album-image\" data-media-type=\"image\"><img class=\"wpzoom-swiper-image swiper-lazy\" data-src=\"https:\/\/scontent-fra3-1.cdninstagram.com\/v\/t51.82787-15\/733756819_17971375740079880_8161303064780813407_n.jpg?stp=dst-jpg_e35_tt6&#038;_nc_cat=103&#038;ccb=7-5&#038;_nc_sid=18de74&#038;efg=eyJlZmdfdGFnIjoiQ0FST1VTRUxfSVRFTS5iZXN0X2ltYWdlX3VybGdlbi5DMyJ9&#038;_nc_ohc=wIItm6VYvtoQ7kNvwE_JDqM&#038;_nc_oc=AdooHl-Kmf6zSu8smSjiYdbmngWRYl6sVbpl23MnV8MmZs39NCtf0xw5bMSKKtmJ1S4&#038;_nc_zt=23&#038;_nc_ht=scontent-fra3-1.cdninstagram.com&#038;edm=ANo9K5cEAAAA&#038;_nc_gid=uK57epsa_bu5sgeJQjxhUA&#038;_nc_tpa=Q5bMBQLLlS5eDGc-lFkA6eVy3FWzZ01Di2qMkBV8cNozMsEMw6FsoC8DZg6KzRQrpbKASuReDD7hbFP6&#038;oh=00_AQJ6LgGzryptMrMrMibHG_h70DBwuQOj742XIreWgoFthw&#038;oe=6A9C6845\" alt=\"Bo\u00dfeltraining der Bambinis am Montag, 29.06.\n\nWas f\u00fcr ein tolles Training! Die Beteiligung war einfach b\u00e4renstark und alle waren mit viel Freude und Eifer dabei. \ud83d\udcaa\n\nDie Reihenfolge einzuhalten hat anfangs prima funktioniert... bis am Ende das fr\u00f6hliche Chaos \u00fcbernommen hat. \ud83d\ude02 Genau so soll Kindertraining sein!\n\nUnd das Beste: In den Sommerferien wird weiter trainiert, eine Pause gibt\u2019s bei uns nicht. \n\nWeiter geht\u2019s in zwei Wochen am Freitag. Zum Abschluss gibt es f\u00fcr alle Bambinis wieder eine wohlverdiente Capri-Sonne. \ud83e\uddc3 \nWir freuen uns auf euch! \ud83d\ude0a \n\nL\u00fcch up un fleu herut \ud83d\udd34\u26ab\"\/><div class=\"swiper-lazy-preloader swiper-lazy-preloader-white\"><\/div><\/div><div class=\"swiper-slide wpz-insta-album-image\" data-media-type=\"image\"><img class=\"wpzoom-swiper-image swiper-lazy\" data-src=\"https:\/\/scontent-fra5-2.cdninstagram.com\/v\/t51.82787-15\/732562440_17971375749079880_6028158441168219225_n.jpg?stp=dst-jpg_e35_tt6&#038;_nc_cat=106&#038;ccb=7-5&#038;_nc_sid=18de74&#038;efg=eyJlZmdfdGFnIjoiQ0FST1VTRUxfSVRFTS5iZXN0X2ltYWdlX3VybGdlbi5DMyJ9&#038;_nc_ohc=5vpui0u1r2EQ7kNvwGWcyZJ&#038;_nc_oc=Adr7xiOVGGJdqOQ0TALOvtTNShp6yfsw3r9qkt17cD48hSLfe7eEGcAZ7sSIOzMY03s&#038;_nc_zt=23&#038;_nc_ht=scontent-fra5-2.cdninstagram.com&#038;edm=ANo9K5cEAAAA&#038;_nc_gid=uK57epsa_bu5sgeJQjxhUA&#038;_nc_tpa=Q5bMBQKguhL-WUibJHCPdOqTtVDTEtnH2IquwCkTatFbO3P2PZYuRyiKNUDUhYccAMJl7UuA6kDb0_DE&#038;oh=00_AQLoy6KnCAfV6Vtiafu3DJMEdDbddS4la5XKLgdYI0mkSg&#038;oe=6A9C7786\" alt=\"Bo\u00dfeltraining der Bambinis am Montag, 29.06.\n\nWas f\u00fcr ein tolles Training! Die Beteiligung war einfach b\u00e4renstark und alle waren mit viel Freude und Eifer dabei. \ud83d\udcaa\n\nDie Reihenfolge einzuhalten hat anfangs prima funktioniert... bis am Ende das fr\u00f6hliche Chaos \u00fcbernommen hat. \ud83d\ude02 Genau so soll Kindertraining sein!\n\nUnd das Beste: In den Sommerferien wird weiter trainiert, eine Pause gibt\u2019s bei uns nicht. \n\nWeiter geht\u2019s in zwei Wochen am Freitag. Zum Abschluss gibt es f\u00fcr alle Bambinis wieder eine wohlverdiente Capri-Sonne. \ud83e\uddc3 \nWir freuen uns auf euch! \ud83d\ude0a \n\nL\u00fcch up un fleu herut \ud83d\udd34\u26ab\"\/><div class=\"swiper-lazy-preloader swiper-lazy-preloader-white\"><\/div><\/div><\/div><div class=\"swiper-pagination\"><\/div><div class=\"swiper-button-prev\"><\/div><div class=\"swiper-button-next\"><\/div><\/div><\/div>\n\t\t\t\t\t<div class=\"details-wrapper\">\n\t\t\t\t\t<div class=\"wpz-insta-header\">\n\t\t\t\t\t\t<div class=\"wpz-insta-avatar\">\n\t\t\t\t\t\t\t<img loading=\"lazy\" decoding=\"async\" src=\"https:\/\/www.kbv-middels.de\/WordPress\/wp-content\/uploads\/2023\/10\/387266684_341330328540150_6646291519891865113_n-1-150x150.jpg\" alt=\"@kbv_middels\" width=\"42\" height=\"42\"\/>\n\t\t\t\t\t\t<\/div>\n\t\t\t\t\t\t<div class=\"wpz-insta-buttons\">\n\t\t\t\t\t\t\t<div class=\"wpz-insta-username\">\n\t\t\t\t\t\t\t\t<a rel=\"noopener\" target=\"_blank\" href=\"https:\/\/instagram.com\/kbv_middels\">@kbv_middels<\/a>\n\t\t\t\t\t\t\t<\/div>\n\t\t\t\t\t\t\t<div>&bull;<\/div>\n\t\t\t\t\t\t\t<div class=\"wpz-insta-follow\">\n\t\t\t\t\t\t\t\t<a target=\"_blank\" rel=\"noopener\"\n\t\t\t\t\t\t\t\thref=\"https:\/\/instagram.com\/kbv_middels?ref=badge\">\n\t\t\t\t\t\t\t\t\tFollow\n\t\t\t\t\t\t\t\t<\/a>\n\t\t\t\t\t\t\t<\/div>\n\t\t\t\t\t\t<\/div>\n\t\t\t\t\t<\/div><div class=\"wpz-insta-caption\">Bo\u00dfeltraining der Bambinis am Montag, 29.06.\n\nWas f\u00fcr ein tolles Training! Die Beteiligung war einfach b\u00e4renstark und alle waren mit viel Freude und Eifer dabei. \ud83d\udcaa\n\nDie Reihenfolge einzuhalten hat anfangs prima funktioniert... bis am Ende das fr\u00f6hliche Chaos \u00fcbernommen hat. \ud83d\ude02 Genau so soll Kindertraining sein!\n\nUnd das Beste: In den Sommerferien wird weiter trainiert, eine Pause gibt\u2019s bei uns nicht. \n\nWeiter geht\u2019s in zwei Wochen am Freitag. Zum Abschluss gibt es f\u00fcr alle Bambinis wieder eine wohlverdiente Capri-Sonne. \ud83e\uddc3 \nWir freuen uns auf euch! \ud83d\ude0a \n\nL\u00fcch up un fleu herut \ud83d\udd34\u26ab<\/div><div class=\"wpz-insta-date\">2\u00a0Monaten ago<\/div><div class=\"view-post\">\n\t\t\t\t\t<a href=\"https:\/\/www.instagram.com\/p\/DaSkxfhDQzi\/\" target=\"_blank\" rel=\"noopener\"><span class=\"dashicons dashicons-instagram\"><\/span>View on Instagram<\/a>\n\t\t\t\t\t<span class=\"delimiter\">|<\/span>\n\t\t\t\t\t<div class=\"wpz-insta-pagination\">8\/20<\/div>\n\t\t\t\t\t<\/div><\/div><\/div><\/div><div data-uid=\"18366611608239193\" class=\"swiper-slide wpz-insta-lightbox-item\"><div class=\"wpz-insta-lightbox\"><div class=\"image-wrapper\"><img class=\"wpzoom-swiper-image swiper-lazy\" data-src=\"https:\/\/www.kbv-middels.de\/WordPress\/wp-content\/uploads\/2017\/03\/720805198_17968763676079880_6327447772357548447_n.jpg\" alt=\"Landeseinzelmeisterschaften 2026 \u26ab\ufe0f\ud83d\udd34\n\nHier das Ergebnis von Sonntag, 14.06.2026.\n \n Domenik Heinze konnte sich in der m\u00e4nnlichen Jugend B mit einer super Leistung den 6. Platz mit der Holzkugel sichern. Herzlichen Gl\u00fcckwunsch zu diesem Erfolg \u263a\ufe0f \ud83c\udf40\"\/><div class=\"swiper-lazy-preloader swiper-lazy-preloader-white\"><\/div><\/div>\n\t\t\t\t\t<div class=\"details-wrapper\">\n\t\t\t\t\t<div class=\"wpz-insta-header\">\n\t\t\t\t\t\t<div class=\"wpz-insta-avatar\">\n\t\t\t\t\t\t\t<img loading=\"lazy\" decoding=\"async\" src=\"https:\/\/www.kbv-middels.de\/WordPress\/wp-content\/uploads\/2023\/10\/387266684_341330328540150_6646291519891865113_n-1-150x150.jpg\" alt=\"@kbv_middels\" width=\"42\" height=\"42\"\/>\n\t\t\t\t\t\t<\/div>\n\t\t\t\t\t\t<div class=\"wpz-insta-buttons\">\n\t\t\t\t\t\t\t<div class=\"wpz-insta-username\">\n\t\t\t\t\t\t\t\t<a rel=\"noopener\" target=\"_blank\" href=\"https:\/\/instagram.com\/kbv_middels\">@kbv_middels<\/a>\n\t\t\t\t\t\t\t<\/div>\n\t\t\t\t\t\t\t<div>&bull;<\/div>\n\t\t\t\t\t\t\t<div class=\"wpz-insta-follow\">\n\t\t\t\t\t\t\t\t<a target=\"_blank\" rel=\"noopener\"\n\t\t\t\t\t\t\t\thref=\"https:\/\/instagram.com\/kbv_middels?ref=badge\">\n\t\t\t\t\t\t\t\t\tFollow\n\t\t\t\t\t\t\t\t<\/a>\n\t\t\t\t\t\t\t<\/div>\n\t\t\t\t\t\t<\/div>\n\t\t\t\t\t<\/div><div class=\"wpz-insta-caption\">Landeseinzelmeisterschaften 2026 \u26ab\ufe0f\ud83d\udd34\n\nHier das Ergebnis von Sonntag, 14.06.2026.\n \n Domenik Heinze konnte sich in der m\u00e4nnlichen Jugend B mit einer super Leistung den 6. Platz mit der Holzkugel sichern. Herzlichen Gl\u00fcckwunsch zu diesem Erfolg \u263a\ufe0f \ud83c\udf40<\/div><div class=\"wpz-insta-date\">3\u00a0Monaten ago<\/div><div class=\"view-post\">\n\t\t\t\t\t<a href=\"https:\/\/www.instagram.com\/p\/DZkilKcNjou\/\" target=\"_blank\" rel=\"noopener\"><span class=\"dashicons dashicons-instagram\"><\/span>View on Instagram<\/a>\n\t\t\t\t\t<span class=\"delimiter\">|<\/span>\n\t\t\t\t\t<div class=\"wpz-insta-pagination\">9\/20<\/div>\n\t\t\t\t\t<\/div><\/div><\/div><\/div><div data-uid=\"17893434381509583\" class=\"swiper-slide wpz-insta-lightbox-item\"><div class=\"wpz-insta-lightbox\"><div class=\"image-wrapper\"><div class=\"swiper\" style=\"height: 100%;\"><div class=\"swiper-wrapper wpz-insta-album-images\"><div class=\"swiper-slide wpz-insta-album-image\" data-media-type=\"image\"><img class=\"wpzoom-swiper-image swiper-lazy\" data-src=\"https:\/\/scontent-fra3-2.cdninstagram.com\/v\/t51.82787-15\/722314042_17968649820079880_2248845842042803921_n.jpg?stp=dst-jpg_e35_tt6&#038;_nc_cat=104&#038;ccb=7-5&#038;_nc_sid=18de74&#038;efg=eyJlZmdfdGFnIjoiQ0FST1VTRUxfSVRFTS5iZXN0X2ltYWdlX3VybGdlbi5DMyJ9&#038;_nc_ohc=w4gX894Qm-wQ7kNvwFRQrCZ&#038;_nc_oc=Adru_KryIloMbTO2pOGE6iJJkKnQIcxMCvD-FwtLQcCL6snww74beAPrYll5DZmNe6M&#038;_nc_zt=23&#038;_nc_ht=scontent-fra3-2.cdninstagram.com&#038;edm=ANo9K5cEAAAA&#038;_nc_gid=uK57epsa_bu5sgeJQjxhUA&#038;_nc_tpa=Q5bMBQKv5yc9N_5XWp77losGDaNnJidIwqJ7e5tmhF05sJqhAEevF8l4UOtcm2OhfDFlsbKtxJR9B7lz&#038;oh=00_AQLr-QNX1Q7TBvXhUq0A6VoOOz2ksYwGOikdYkhP5LMGgQ&#038;oe=6A9C6585\" alt=\"Landeseinzelmeisterschaften 2026 \u26ab\ufe0f\ud83d\udd34\n Hier die Ergebnisse vom Samstag, 13.06.2026.\n\nHinrich Janssen konnte sich mit einer super Leistung die Silbermedaille mit der Holzkugel sichern. Herzlichen Gl\u00fcckwunsch zu diesem tollen Erfolg! \ud83e\udd48\"\/><div class=\"swiper-lazy-preloader swiper-lazy-preloader-white\"><\/div><\/div><div class=\"swiper-slide wpz-insta-album-image\" data-media-type=\"image\"><img class=\"wpzoom-swiper-image swiper-lazy\" data-src=\"https:\/\/scontent-fra3-1.cdninstagram.com\/v\/t51.82787-15\/720675501_17968649811079880_1089385744693468218_n.jpg?stp=dst-jpg_e35_tt6&#038;_nc_cat=101&#038;ccb=7-5&#038;_nc_sid=18de74&#038;efg=eyJlZmdfdGFnIjoiQ0FST1VTRUxfSVRFTS5iZXN0X2ltYWdlX3VybGdlbi5DMyJ9&#038;_nc_ohc=WXTdN_iZBokQ7kNvwFtd-hy&#038;_nc_oc=AdqFOHmkDhlzHB0Wcm-otp59ohQzfzLaxm2jvVtJuvTNunXs8rpiTqHLtREN8GFojl4&#038;_nc_zt=23&#038;_nc_ht=scontent-fra3-1.cdninstagram.com&#038;edm=ANo9K5cEAAAA&#038;_nc_gid=uK57epsa_bu5sgeJQjxhUA&#038;_nc_tpa=Q5bMBQIHKHLHyKQ4XvJmlRDa4zCQnBmTdzUASA-W_AEX0I8l0OPaji9zbWc81XlKRz3BtfShu9XWlz9w&#038;oh=00_AQJf2vW0Vobj-dR9BDApCIGm7EVA1gLrOLdTb6R25rJwUw&#038;oe=6A9C7C10\" alt=\"Landeseinzelmeisterschaften 2026 \u26ab\ufe0f\ud83d\udd34\n Hier die Ergebnisse vom Samstag, 13.06.2026.\n\nHinrich Janssen konnte sich mit einer super Leistung die Silbermedaille mit der Holzkugel sichern. Herzlichen Gl\u00fcckwunsch zu diesem tollen Erfolg! \ud83e\udd48\"\/><div class=\"swiper-lazy-preloader swiper-lazy-preloader-white\"><\/div><\/div><\/div><div class=\"swiper-pagination\"><\/div><div class=\"swiper-button-prev\"><\/div><div class=\"swiper-button-next\"><\/div><\/div><\/div>\n\t\t\t\t\t<div class=\"details-wrapper\">\n\t\t\t\t\t<div class=\"wpz-insta-header\">\n\t\t\t\t\t\t<div class=\"wpz-insta-avatar\">\n\t\t\t\t\t\t\t<img loading=\"lazy\" decoding=\"async\" src=\"https:\/\/www.kbv-middels.de\/WordPress\/wp-content\/uploads\/2023\/10\/387266684_341330328540150_6646291519891865113_n-1-150x150.jpg\" alt=\"@kbv_middels\" width=\"42\" height=\"42\"\/>\n\t\t\t\t\t\t<\/div>\n\t\t\t\t\t\t<div class=\"wpz-insta-buttons\">\n\t\t\t\t\t\t\t<div class=\"wpz-insta-username\">\n\t\t\t\t\t\t\t\t<a rel=\"noopener\" target=\"_blank\" href=\"https:\/\/instagram.com\/kbv_middels\">@kbv_middels<\/a>\n\t\t\t\t\t\t\t<\/div>\n\t\t\t\t\t\t\t<div>&bull;<\/div>\n\t\t\t\t\t\t\t<div class=\"wpz-insta-follow\">\n\t\t\t\t\t\t\t\t<a target=\"_blank\" rel=\"noopener\"\n\t\t\t\t\t\t\t\thref=\"https:\/\/instagram.com\/kbv_middels?ref=badge\">\n\t\t\t\t\t\t\t\t\tFollow\n\t\t\t\t\t\t\t\t<\/a>\n\t\t\t\t\t\t\t<\/div>\n\t\t\t\t\t\t<\/div>\n\t\t\t\t\t<\/div><div class=\"wpz-insta-caption\">Landeseinzelmeisterschaften 2026 \u26ab\ufe0f\ud83d\udd34\n Hier die Ergebnisse vom Samstag, 13.06.2026.\n\nHinrich Janssen konnte sich mit einer super Leistung die Silbermedaille mit der Holzkugel sichern. Herzlichen Gl\u00fcckwunsch zu diesem tollen Erfolg! \ud83e\udd48<\/div><div class=\"wpz-insta-date\">3\u00a0Monaten ago<\/div><div class=\"view-post\">\n\t\t\t\t\t<a href=\"https:\/\/www.instagram.com\/p\/DZiUOY1jQnC\/\" target=\"_blank\" rel=\"noopener\"><span class=\"dashicons dashicons-instagram\"><\/span>View on Instagram<\/a>\n\t\t\t\t\t<span class=\"delimiter\">|<\/span>\n\t\t\t\t\t<div class=\"wpz-insta-pagination\">10\/20<\/div>\n\t\t\t\t\t<\/div><\/div><\/div><\/div><div data-uid=\"18112755199918213\" class=\"swiper-slide wpz-insta-lightbox-item\"><div class=\"wpz-insta-lightbox\"><div class=\"image-wrapper\"><img class=\"wpzoom-swiper-image swiper-lazy\" data-src=\"https:\/\/www.kbv-middels.de\/WordPress\/wp-content\/uploads\/2014\/05\/722364003_17968616205079880_1929329927061105541_n.jpg\" alt=\"Landeseinzelmeisterschaften 2026 \u2665\ufe0f\ud83d\udda4\ud83e\udd0d\n\nAn diesem Wochenende finden die Landeseinzelmeisterschaften in Dietrichsfeld, KV Aurich statt. Insgesamt 6 Werferinnen und Werfer vertreten den KBV Middels. Wir w\u00fcnschen allen Starter-\/innen viel Erfolg \ud83c\udf40\"\/><div class=\"swiper-lazy-preloader swiper-lazy-preloader-white\"><\/div><\/div>\n\t\t\t\t\t<div class=\"details-wrapper\">\n\t\t\t\t\t<div class=\"wpz-insta-header\">\n\t\t\t\t\t\t<div class=\"wpz-insta-avatar\">\n\t\t\t\t\t\t\t<img loading=\"lazy\" decoding=\"async\" src=\"https:\/\/www.kbv-middels.de\/WordPress\/wp-content\/uploads\/2023\/10\/387266684_341330328540150_6646291519891865113_n-1-150x150.jpg\" alt=\"@kbv_middels\" width=\"42\" height=\"42\"\/>\n\t\t\t\t\t\t<\/div>\n\t\t\t\t\t\t<div class=\"wpz-insta-buttons\">\n\t\t\t\t\t\t\t<div class=\"wpz-insta-username\">\n\t\t\t\t\t\t\t\t<a rel=\"noopener\" target=\"_blank\" href=\"https:\/\/instagram.com\/kbv_middels\">@kbv_middels<\/a>\n\t\t\t\t\t\t\t<\/div>\n\t\t\t\t\t\t\t<div>&bull;<\/div>\n\t\t\t\t\t\t\t<div class=\"wpz-insta-follow\">\n\t\t\t\t\t\t\t\t<a target=\"_blank\" rel=\"noopener\"\n\t\t\t\t\t\t\t\thref=\"https:\/\/instagram.com\/kbv_middels?ref=badge\">\n\t\t\t\t\t\t\t\t\tFollow\n\t\t\t\t\t\t\t\t<\/a>\n\t\t\t\t\t\t\t<\/div>\n\t\t\t\t\t\t<\/div>\n\t\t\t\t\t<\/div><div class=\"wpz-insta-caption\">Landeseinzelmeisterschaften 2026 \u2665\ufe0f\ud83d\udda4\ud83e\udd0d\n\nAn diesem Wochenende finden die Landeseinzelmeisterschaften in Dietrichsfeld, KV Aurich statt. Insgesamt 6 Werferinnen und Werfer vertreten den KBV Middels. Wir w\u00fcnschen allen Starter-\/innen viel Erfolg \ud83c\udf40<\/div><div class=\"wpz-insta-date\">3\u00a0Monaten ago<\/div><div class=\"view-post\">\n\t\t\t\t\t<a href=\"https:\/\/www.instagram.com\/p\/DZhzZ61te7m\/\" target=\"_blank\" rel=\"noopener\"><span class=\"dashicons dashicons-instagram\"><\/span>View on Instagram<\/a>\n\t\t\t\t\t<span class=\"delimiter\">|<\/span>\n\t\t\t\t\t<div class=\"wpz-insta-pagination\">11\/20<\/div>\n\t\t\t\t\t<\/div><\/div><\/div><\/div><div data-uid=\"17979954680991027\" class=\"swiper-slide wpz-insta-lightbox-item\"><div class=\"wpz-insta-lightbox\"><div class=\"image-wrapper\"><img class=\"wpzoom-swiper-image swiper-lazy blurred\" data-src=\"https:\/\/www.kbv-middels.de\/WordPress\/wp-content\/uploads\/2020\/03\/684265896_2239606823645386_8671812154254530939_n.jpg\" alt=\"\u26ab 18. Wettkampfwoche \ud83d\udd34 \n\nEs ist bereits etwas Gras \u00fcber die Saison gewachsen, hier jedoch noch ein kleiner Nachtrag zum letzten Spieltag.\n\nUnsere Frauen IV bestritten ihren letzten Wettkampf in Neu-Ekels. Mit 6 Wurf unterlagen sie leider den Gastgeberinnen und belegen somit den 6. Platz.\nAuch unsere 2. Frauen I mussten nochmal ausw\u00e4rts ran.\nGegen die SG Neuwesteel\/Norddeich mussten sie sich mit einem knappen Ergebnis von 2 Wurf geschlagen geben. Sie belegen zum Ende der Saison den 9. Tabellenplatz.\nF\u00fcr unsere 1. Frauen I Mannschaft ging es nochmal in einem Heimkampf gegen die M\u00e4dels aus Wiesederfehn. Auch wenn hier bereits der 9. Platz und somit der Abstieg feststand, verabschiedeten sie sich nochmal mit einem tollen Wettkampf und einem Sieg von 6 Wurf aus der Bezirksliga.\nDie M\u00e4nner I Mannschaft trat ebenfalls nochmal Zuhause zum letzten Wettkampf an. Gegen Ostermarsch sicherten sie sich mit 3 Wurf nochmal zwei Punkte und belegen den 7. Platz.\n\nM\u00e4nner II belegt diese Saison den 8. Platz\nDie M\u00e4nner IV Mannschaft holt sich den Vizemeister-Titel \ud83c\udf89\ud83e\udd48\nM\u00e4nner V belegt zum Ende der Saison Platz 6.\nDie B Jugend hat bereits vor einiger Zeit ihren Meistertitel gefeiert.\nAuch die m\u00e4nnl. Jgd. C und E kann stolz auf die Leistung der Saison sein - sie belegen Platz 4 und 3.\nUnsere M\u00e4dels der C Jgd. belegen den 6. und unsere Minis der F Jgd. den 5. Platz.\n\nAnschlie\u00dfend wurde nat\u00fcrlich auf den noch verbliebenen Meisterschaftsfeiern noch ordentlich gefeiert.\n\nN\u00e4chste Saison wird neu angegriffen, an die Leistungen angekn\u00fcpft und ausgebaut \ud83e\uddbe\ud83d\udca5\n\n#kbvmiddels #bo\u00dfelnistmeinsport #saison2025\/2026\"\/><div class=\"wpz-no-reel-link-wrapper\"><a class=\"wpz-no-reel-link\" target=\"_blank\" href=\"https:\/\/www.instagram.com\/reel\/DXoRVwOjV76\/\"><span class=\"dashicons dashicons-controls-play\"><\/span>View Reel on Instagram<\/a><\/div><\/div>\n\t\t\t\t\t<div class=\"details-wrapper\">\n\t\t\t\t\t<div class=\"wpz-insta-header\">\n\t\t\t\t\t\t<div class=\"wpz-insta-avatar\">\n\t\t\t\t\t\t\t<img loading=\"lazy\" decoding=\"async\" src=\"https:\/\/www.kbv-middels.de\/WordPress\/wp-content\/uploads\/2023\/10\/387266684_341330328540150_6646291519891865113_n-1-150x150.jpg\" alt=\"@kbv_middels\" width=\"42\" height=\"42\"\/>\n\t\t\t\t\t\t<\/div>\n\t\t\t\t\t\t<div class=\"wpz-insta-buttons\">\n\t\t\t\t\t\t\t<div class=\"wpz-insta-username\">\n\t\t\t\t\t\t\t\t<a rel=\"noopener\" target=\"_blank\" href=\"https:\/\/instagram.com\/kbv_middels\">@kbv_middels<\/a>\n\t\t\t\t\t\t\t<\/div>\n\t\t\t\t\t\t\t<div>&bull;<\/div>\n\t\t\t\t\t\t\t<div class=\"wpz-insta-follow\">\n\t\t\t\t\t\t\t\t<a target=\"_blank\" rel=\"noopener\"\n\t\t\t\t\t\t\t\thref=\"https:\/\/instagram.com\/kbv_middels?ref=badge\">\n\t\t\t\t\t\t\t\t\tFollow\n\t\t\t\t\t\t\t\t<\/a>\n\t\t\t\t\t\t\t<\/div>\n\t\t\t\t\t\t<\/div>\n\t\t\t\t\t<\/div><div class=\"wpz-insta-caption\">\u26ab 18. Wettkampfwoche \ud83d\udd34 \n\nEs ist bereits etwas Gras \u00fcber die Saison gewachsen, hier jedoch noch ein kleiner Nachtrag zum letzten Spieltag.\n\nUnsere Frauen IV bestritten ihren letzten Wettkampf in Neu-Ekels. Mit 6 Wurf unterlagen sie leider den Gastgeberinnen und belegen somit den 6. Platz.\nAuch unsere 2. Frauen I mussten nochmal ausw\u00e4rts ran.\nGegen die SG Neuwesteel\/Norddeich mussten sie sich mit einem knappen Ergebnis von 2 Wurf geschlagen geben. Sie belegen zum Ende der Saison den 9. Tabellenplatz.\nF\u00fcr unsere 1. Frauen I Mannschaft ging es nochmal in einem Heimkampf gegen die M\u00e4dels aus Wiesederfehn. Auch wenn hier bereits der 9. Platz und somit der Abstieg feststand, verabschiedeten sie sich nochmal mit einem tollen Wettkampf und einem Sieg von 6 Wurf aus der Bezirksliga.\nDie M\u00e4nner I Mannschaft trat ebenfalls nochmal Zuhause zum letzten Wettkampf an. Gegen Ostermarsch sicherten sie sich mit 3 Wurf nochmal zwei Punkte und belegen den 7. Platz.\n\nM\u00e4nner II belegt diese Saison den 8. Platz\nDie M\u00e4nner IV Mannschaft holt sich den Vizemeister-Titel \ud83c\udf89\ud83e\udd48\nM\u00e4nner V belegt zum Ende der Saison Platz 6.\nDie B Jugend hat bereits vor einiger Zeit ihren Meistertitel gefeiert.\nAuch die m\u00e4nnl. Jgd. C und E kann stolz auf die Leistung der Saison sein - sie belegen Platz 4 und 3.\nUnsere M\u00e4dels der C Jgd. belegen den 6. und unsere Minis der F Jgd. den 5. Platz.\n\nAnschlie\u00dfend wurde nat\u00fcrlich auf den noch verbliebenen Meisterschaftsfeiern noch ordentlich gefeiert.\n\nN\u00e4chste Saison wird neu angegriffen, an die Leistungen angekn\u00fcpft und ausgebaut \ud83e\uddbe\ud83d\udca5\n\n#kbvmiddels #bo\u00dfelnistmeinsport #saison2025\/2026<\/div><div class=\"wpz-insta-date\">4\u00a0Monaten ago<\/div><div class=\"view-post\">\n\t\t\t\t\t<a href=\"https:\/\/www.instagram.com\/reel\/DXoRVwOjV76\/\" target=\"_blank\" rel=\"noopener\"><span class=\"dashicons dashicons-instagram\"><\/span>View on Instagram<\/a>\n\t\t\t\t\t<span class=\"delimiter\">|<\/span>\n\t\t\t\t\t<div class=\"wpz-insta-pagination\">12\/20<\/div>\n\t\t\t\t\t<\/div><\/div><\/div><\/div><div data-uid=\"17941996350173169\" class=\"swiper-slide wpz-insta-lightbox-item\"><div class=\"wpz-insta-lightbox\"><div class=\"image-wrapper\"><video controls muted preload=\"none\"><source src=\"https:\/\/scontent-fra5-2.cdninstagram.com\/o1\/v\/t2\/f2\/m367\/AQN9xvwxAkMvtfw2JWBDwuwoCbs8CxidkiCd9BV2tI-v_9fLPUFH9YXzrZ8ndhR_KPPWRv3gK0YdvOTMXQORPtRJa9QHqio_x_M-sHk.mp4?_nc_cat=107&#038;_nc_sid=5e9851&#038;_nc_ht=scontent-fra5-2.cdninstagram.com&#038;_nc_ohc=cY59t_30YIQQ7kNvwGQDZE3&#038;efg=eyJ2ZW5jb2RlX3RhZyI6Inhwdl9wcm9ncmVzc2l2ZS5JTlNUQUdSQU0uQ0xJUFMuQzMuNzE2LmRhc2hfYmFzZWxpbmVfMV92MSIsInhwdl9hc3NldF9pZCI6MTc5NjA3Mzc0MjIwNzk4ODAsImFzc2V0X2FnZV9kYXlzIjoxMzgsInZpX3VzZWNhc2VfaWQiOjEwMDk5LCJkdXJhdGlvbl9zIjozNSwidXJsZ2VuX3NvdXJjZSI6Ind3dyJ9&#038;ccb=17-1&#038;vs=4ae7a4d148c61212&#038;_nc_vs=HBksFQIYQGlnX2VwaGVtZXJhbC84MjRCMzJEMTkwODlDN0RBQjhDOTc5NzNFNzQ2MDlBN192aWRlb19kYXNoaW5pdC5tcDQVAALIARIAFQIYUWlnX3hwdl9wbGFjZW1lbnRfcGVybWFuZW50X3YyL0I1NDczMjNFRTlDRjVDQjdDNDZCRjlCOTU0RTNBMzgzX2F1ZGlvX2Rhc2hpbml0Lm1wNBUCAsgBEgAoABgAGwKIB3VzZV9vaWwBMRJwcm9ncmVzc2l2ZV9yZWNpcGUBMRUAACaQ3pPfwcznPxUCKAJDMywXQEHmZmZmZmYYEmRhc2hfYmFzZWxpbmVfMV92MREAdf4HZeadAQA&#038;_nc_gid=uK57epsa_bu5sgeJQjxhUA&#038;edm=ANo9K5cEAAAA&#038;_nc_zt=28&#038;_nc_tpa=Q5bMBQJi5Ciexmy3r80WK6b-ZuKPAztNKcNK4tEfnEikGrLtf2EhIPkiYjxubf01sj0n9fuTJECX71u9&#038;oh=00_AQLe5Sx-unv8TSjRzLWi1arI1C7Ci-mNMZB7EnD_83cOmQ&#038;oe=6A9C6A48\" type=\"video\/mp4\"\/><\/video><\/div>\n\t\t\t\t\t<div class=\"details-wrapper\">\n\t\t\t\t\t<div class=\"wpz-insta-header\">\n\t\t\t\t\t\t<div class=\"wpz-insta-avatar\">\n\t\t\t\t\t\t\t<img loading=\"lazy\" decoding=\"async\" src=\"https:\/\/www.kbv-middels.de\/WordPress\/wp-content\/uploads\/2023\/10\/387266684_341330328540150_6646291519891865113_n-1-150x150.jpg\" alt=\"@kbv_middels\" width=\"42\" height=\"42\"\/>\n\t\t\t\t\t\t<\/div>\n\t\t\t\t\t\t<div class=\"wpz-insta-buttons\">\n\t\t\t\t\t\t\t<div class=\"wpz-insta-username\">\n\t\t\t\t\t\t\t\t<a rel=\"noopener\" target=\"_blank\" href=\"https:\/\/instagram.com\/kbv_middels\">@kbv_middels<\/a>\n\t\t\t\t\t\t\t<\/div>\n\t\t\t\t\t\t\t<div>&bull;<\/div>\n\t\t\t\t\t\t\t<div class=\"wpz-insta-follow\">\n\t\t\t\t\t\t\t\t<a target=\"_blank\" rel=\"noopener\"\n\t\t\t\t\t\t\t\thref=\"https:\/\/instagram.com\/kbv_middels?ref=badge\">\n\t\t\t\t\t\t\t\t\tFollow\n\t\t\t\t\t\t\t\t<\/a>\n\t\t\t\t\t\t\t<\/div>\n\t\t\t\t\t\t<\/div>\n\t\t\t\t\t<\/div><div class=\"wpz-insta-caption\">Hallenbo\u00dfeln der Bambinis \ud83e\udd70\n\nUnsere Jugendbetreuer haben sich ein paar tolle Stationen f\u00fcr unsere Kleinen ausgedacht.\nMal geht es um Genauigkeit, mal um ein bisschen Kraft - so k\u00f6nnen sie sich spielerisch an das Thema bo\u00dfeln rantasten. Und der Spa\u00df dabei kommt nat\u00fcrlich auch nicht zu kurz \u263a\ufe0f\n\nVielen Dank an unsere Betreuer, dass ihr euch die Zeit nehmt und das m\u00f6glich macht \ud83d\udcaf\u2665\ufe0f\n\n#bo\u00dfelbambinis #fr\u00fch\u00fcbtsich #kbvmiddels<\/div><div class=\"wpz-insta-date\">5\u00a0Monaten ago<\/div><div class=\"view-post\">\n\t\t\t\t\t<a href=\"https:\/\/www.instagram.com\/reel\/DXKkteVjQtq\/\" target=\"_blank\" rel=\"noopener\"><span class=\"dashicons dashicons-instagram\"><\/span>View on Instagram<\/a>\n\t\t\t\t\t<span class=\"delimiter\">|<\/span>\n\t\t\t\t\t<div class=\"wpz-insta-pagination\">13\/20<\/div>\n\t\t\t\t\t<\/div><\/div><\/div><\/div><div data-uid=\"18120751783651178\" class=\"swiper-slide wpz-insta-lightbox-item\"><div class=\"wpz-insta-lightbox\"><div class=\"image-wrapper\"><img class=\"wpzoom-swiper-image swiper-lazy blurred\" data-src=\"https:\/\/www.kbv-middels.de\/WordPress\/wp-content\/uploads\/2017\/03\/671561299_984741080782665_5651715710460221417_n.jpg\" alt=\"\ud83d\udd3417. Wettkampfwoche \u26ab\n\nDie Frauenmannschaften waren diesem Wochenende beide auf der Heimstrecke unterwegs. F\u00fcr beide Mannschaften stand viel auf dem Spiel, um noch irgendetwas zu retten mussten die Punkte her. \nDie 2. FI konnte ihren G\u00e4sten aus Hage jedoch nicht ganz Stand halten und mussten mit -7 Wurf die Punkte leider abgeben.\nIn der 1. FI Mannschaft fand ein Krimi gegen die Freunde aus Etzel statt. Die G\u00e4ste konnten die letzten Jahre so gut wie keine Punkte in Middels ergattern - bis zu diesem Tag. Nach einem aufregenden Wettkampf wurde der Bann gebrochen und Etzel sicherte sich einen knappen Sieg mit einem Wurf. Nun half nur noch Daumen dr\u00fccken und auf ein Vitamin B Wunder hoffen... Doch dies zerschlug sich schon auf dem Weg zum Vereinsheim. Die Ergebnisse der anderen Mannschaften spielten ihnen nicht in die Karten und somit war der Abstieg in die Bezirksklasse leider besiegelt.\ud83e\udee0\n\nUnsere MI Mannschaft war zu Gast in Buttforde. Auch sie mussten sich geschlagen geben und die Gastgeber behielten mit 5 Wurf die Punkte Zuhause.\nMII hatte an diesem Wochenende wohl die einzigen gl\u00fccklichen Gesichter. Sie warfen ihren Stiefel und holten sich die beiden Heimpunkte mit 4 Wurf \ud83d\ude42\n\n#kopfnichth\u00e4ngenlassen #bo\u00dfelnistmeinsport #weitergehts #kbvmiddels\"\/><div class=\"wpz-no-reel-link-wrapper\"><a class=\"wpz-no-reel-link\" target=\"_blank\" href=\"https:\/\/www.instagram.com\/reel\/DXAKxkqDRys\/\"><span class=\"dashicons dashicons-controls-play\"><\/span>View Reel on Instagram<\/a><\/div><\/div>\n\t\t\t\t\t<div class=\"details-wrapper\">\n\t\t\t\t\t<div class=\"wpz-insta-header\">\n\t\t\t\t\t\t<div class=\"wpz-insta-avatar\">\n\t\t\t\t\t\t\t<img loading=\"lazy\" decoding=\"async\" src=\"https:\/\/www.kbv-middels.de\/WordPress\/wp-content\/uploads\/2023\/10\/387266684_341330328540150_6646291519891865113_n-1-150x150.jpg\" alt=\"@kbv_middels\" width=\"42\" height=\"42\"\/>\n\t\t\t\t\t\t<\/div>\n\t\t\t\t\t\t<div class=\"wpz-insta-buttons\">\n\t\t\t\t\t\t\t<div class=\"wpz-insta-username\">\n\t\t\t\t\t\t\t\t<a rel=\"noopener\" target=\"_blank\" href=\"https:\/\/instagram.com\/kbv_middels\">@kbv_middels<\/a>\n\t\t\t\t\t\t\t<\/div>\n\t\t\t\t\t\t\t<div>&bull;<\/div>\n\t\t\t\t\t\t\t<div class=\"wpz-insta-follow\">\n\t\t\t\t\t\t\t\t<a target=\"_blank\" rel=\"noopener\"\n\t\t\t\t\t\t\t\thref=\"https:\/\/instagram.com\/kbv_middels?ref=badge\">\n\t\t\t\t\t\t\t\t\tFollow\n\t\t\t\t\t\t\t\t<\/a>\n\t\t\t\t\t\t\t<\/div>\n\t\t\t\t\t\t<\/div>\n\t\t\t\t\t<\/div><div class=\"wpz-insta-caption\">\ud83d\udd3417. Wettkampfwoche \u26ab\n\nDie Frauenmannschaften waren diesem Wochenende beide auf der Heimstrecke unterwegs. F\u00fcr beide Mannschaften stand viel auf dem Spiel, um noch irgendetwas zu retten mussten die Punkte her. \nDie 2. FI konnte ihren G\u00e4sten aus Hage jedoch nicht ganz Stand halten und mussten mit -7 Wurf die Punkte leider abgeben.\nIn der 1. FI Mannschaft fand ein Krimi gegen die Freunde aus Etzel statt. Die G\u00e4ste konnten die letzten Jahre so gut wie keine Punkte in Middels ergattern - bis zu diesem Tag. Nach einem aufregenden Wettkampf wurde der Bann gebrochen und Etzel sicherte sich einen knappen Sieg mit einem Wurf. Nun half nur noch Daumen dr\u00fccken und auf ein Vitamin B Wunder hoffen... Doch dies zerschlug sich schon auf dem Weg zum Vereinsheim. Die Ergebnisse der anderen Mannschaften spielten ihnen nicht in die Karten und somit war der Abstieg in die Bezirksklasse leider besiegelt.\ud83e\udee0\n\nUnsere MI Mannschaft war zu Gast in Buttforde. Auch sie mussten sich geschlagen geben und die Gastgeber behielten mit 5 Wurf die Punkte Zuhause.\nMII hatte an diesem Wochenende wohl die einzigen gl\u00fccklichen Gesichter. Sie warfen ihren Stiefel und holten sich die beiden Heimpunkte mit 4 Wurf \ud83d\ude42\n\n#kopfnichth\u00e4ngenlassen #bo\u00dfelnistmeinsport #weitergehts #kbvmiddels<\/div><div class=\"wpz-insta-date\">5\u00a0Monaten ago<\/div><div class=\"view-post\">\n\t\t\t\t\t<a href=\"https:\/\/www.instagram.com\/reel\/DXAKxkqDRys\/\" target=\"_blank\" rel=\"noopener\"><span class=\"dashicons dashicons-instagram\"><\/span>View on Instagram<\/a>\n\t\t\t\t\t<span class=\"delimiter\">|<\/span>\n\t\t\t\t\t<div class=\"wpz-insta-pagination\">14\/20<\/div>\n\t\t\t\t\t<\/div><\/div><\/div><\/div><div data-uid=\"18043117430568511\" class=\"swiper-slide wpz-insta-lightbox-item\"><div class=\"wpz-insta-lightbox\"><div class=\"image-wrapper\"><img class=\"wpzoom-swiper-image swiper-lazy blurred\" data-src=\"https:\/\/www.kbv-middels.de\/WordPress\/wp-content\/uploads\/2014\/05\/656006551_4211694889143777_1428354288581427717_n.jpg\" alt=\"\u26ab 16. Wettkampfwoche \ud83d\udd34\n\nUnsere MI begr\u00fc\u00dfte am 16. Spieltag Deternerlehe. Leider zeigten die G\u00e4ste hier, dass ihnen die Stra\u00dfe liegt und entf\u00fchrten 6 Wurf.\nMII tat es ihnen gleich. Sie waren in Rahe zu Gast und mussten ebenfalls -6 Wurf in Kauf nehmen.\nAuch die m\u00e4nnl. C Jgd. konnte keine Punkte mit nach Hause nehmen. Sie mussten dem Gastgeber SG Sandhorst\/Langefeld mit 7 Wurf den Sieg \u00fcberlassen.\n\nF\u00fcr den 1. FI Mannschaft gab es wichtige zwei Punkte. In einem spannenden Wettkampf konnten die M\u00e4dels sich Zuhause gegen Simonswolde knapp mit 2 Wurf \u00fcber Wasser halten. Hier waren sie somit noch im Rennen um den &quot;Nichtabstiegsplatz&quot;\nDie 2. FI hatte ein ebenso knappes Ergebnis zu verzeichnen. Leider zum Guten der Gastgeber aus Ludwigsdorf, sie behielten mit nur einem Wurf die Punkte Zuhause.\n\n#bo\u00dfelnistmeinsport #kbvmiddels #weiterk\u00e4mpfen\"\/><div class=\"wpz-no-reel-link-wrapper\"><a class=\"wpz-no-reel-link\" target=\"_blank\" href=\"https:\/\/www.instagram.com\/reel\/DWJGebnDXml\/\"><span class=\"dashicons dashicons-controls-play\"><\/span>View Reel on Instagram<\/a><\/div><\/div>\n\t\t\t\t\t<div class=\"details-wrapper\">\n\t\t\t\t\t<div class=\"wpz-insta-header\">\n\t\t\t\t\t\t<div class=\"wpz-insta-avatar\">\n\t\t\t\t\t\t\t<img loading=\"lazy\" decoding=\"async\" src=\"https:\/\/www.kbv-middels.de\/WordPress\/wp-content\/uploads\/2023\/10\/387266684_341330328540150_6646291519891865113_n-1-150x150.jpg\" alt=\"@kbv_middels\" width=\"42\" height=\"42\"\/>\n\t\t\t\t\t\t<\/div>\n\t\t\t\t\t\t<div class=\"wpz-insta-buttons\">\n\t\t\t\t\t\t\t<div class=\"wpz-insta-username\">\n\t\t\t\t\t\t\t\t<a rel=\"noopener\" target=\"_blank\" href=\"https:\/\/instagram.com\/kbv_middels\">@kbv_middels<\/a>\n\t\t\t\t\t\t\t<\/div>\n\t\t\t\t\t\t\t<div>&bull;<\/div>\n\t\t\t\t\t\t\t<div class=\"wpz-insta-follow\">\n\t\t\t\t\t\t\t\t<a target=\"_blank\" rel=\"noopener\"\n\t\t\t\t\t\t\t\thref=\"https:\/\/instagram.com\/kbv_middels?ref=badge\">\n\t\t\t\t\t\t\t\t\tFollow\n\t\t\t\t\t\t\t\t<\/a>\n\t\t\t\t\t\t\t<\/div>\n\t\t\t\t\t\t<\/div>\n\t\t\t\t\t<\/div><div class=\"wpz-insta-caption\">\u26ab 16. Wettkampfwoche \ud83d\udd34\n\nUnsere MI begr\u00fc\u00dfte am 16. Spieltag Deternerlehe. Leider zeigten die G\u00e4ste hier, dass ihnen die Stra\u00dfe liegt und entf\u00fchrten 6 Wurf.\nMII tat es ihnen gleich. Sie waren in Rahe zu Gast und mussten ebenfalls -6 Wurf in Kauf nehmen.\nAuch die m\u00e4nnl. C Jgd. konnte keine Punkte mit nach Hause nehmen. Sie mussten dem Gastgeber SG Sandhorst\/Langefeld mit 7 Wurf den Sieg \u00fcberlassen.\n\nF\u00fcr den 1. FI Mannschaft gab es wichtige zwei Punkte. In einem spannenden Wettkampf konnten die M\u00e4dels sich Zuhause gegen Simonswolde knapp mit 2 Wurf \u00fcber Wasser halten. Hier waren sie somit noch im Rennen um den &quot;Nichtabstiegsplatz&quot;\nDie 2. FI hatte ein ebenso knappes Ergebnis zu verzeichnen. Leider zum Guten der Gastgeber aus Ludwigsdorf, sie behielten mit nur einem Wurf die Punkte Zuhause.\n\n#bo\u00dfelnistmeinsport #kbvmiddels #weiterk\u00e4mpfen<\/div><div class=\"wpz-insta-date\">5\u00a0Monaten ago<\/div><div class=\"view-post\">\n\t\t\t\t\t<a href=\"https:\/\/www.instagram.com\/reel\/DWJGebnDXml\/\" target=\"_blank\" rel=\"noopener\"><span class=\"dashicons dashicons-instagram\"><\/span>View on Instagram<\/a>\n\t\t\t\t\t<span class=\"delimiter\">|<\/span>\n\t\t\t\t\t<div class=\"wpz-insta-pagination\">15\/20<\/div>\n\t\t\t\t\t<\/div><\/div><\/div><\/div><div data-uid=\"18091649762111159\" class=\"swiper-slide wpz-insta-lightbox-item\"><div class=\"wpz-insta-lightbox\"><div class=\"image-wrapper\"><img class=\"wpzoom-swiper-image swiper-lazy blurred\" data-src=\"https:\/\/www.kbv-middels.de\/WordPress\/wp-content\/uploads\/2017\/06\/645412421_1426607705612767_970460457586879911_n.jpg\" alt=\"\ud83d\udca5 Meister 2025\/2026 in der m\u00e4nnl. B Jugend \ud83d\udca5\n\nWir gratulieren unseren Jungs ganz herzlich zum Meistertitel \ud83d\udcaa\ud83c\udffc\ud83c\udf89\nSie haben sowohl auf unserer Heimstrecke als auch ausw\u00e4rts eine top Leistung gezeigt und haben sich mit 17:3 Punkten den Titel wirklich verdient!\n\nIhr seid spitze, macht weiter so \ud83d\udcaf\ud83d\udd25\n\n#meistertitel #tabellenspitze #bjugend #kbvmiddels\"\/><div class=\"wpz-no-reel-link-wrapper\"><a class=\"wpz-no-reel-link\" target=\"_blank\" href=\"https:\/\/www.instagram.com\/reel\/DViglRvDRuu\/\"><span class=\"dashicons dashicons-controls-play\"><\/span>View Reel on Instagram<\/a><\/div><\/div>\n\t\t\t\t\t<div class=\"details-wrapper\">\n\t\t\t\t\t<div class=\"wpz-insta-header\">\n\t\t\t\t\t\t<div class=\"wpz-insta-avatar\">\n\t\t\t\t\t\t\t<img loading=\"lazy\" decoding=\"async\" src=\"https:\/\/www.kbv-middels.de\/WordPress\/wp-content\/uploads\/2023\/10\/387266684_341330328540150_6646291519891865113_n-1-150x150.jpg\" alt=\"@kbv_middels\" width=\"42\" height=\"42\"\/>\n\t\t\t\t\t\t<\/div>\n\t\t\t\t\t\t<div class=\"wpz-insta-buttons\">\n\t\t\t\t\t\t\t<div class=\"wpz-insta-username\">\n\t\t\t\t\t\t\t\t<a rel=\"noopener\" target=\"_blank\" href=\"https:\/\/instagram.com\/kbv_middels\">@kbv_middels<\/a>\n\t\t\t\t\t\t\t<\/div>\n\t\t\t\t\t\t\t<div>&bull;<\/div>\n\t\t\t\t\t\t\t<div class=\"wpz-insta-follow\">\n\t\t\t\t\t\t\t\t<a target=\"_blank\" rel=\"noopener\"\n\t\t\t\t\t\t\t\thref=\"https:\/\/instagram.com\/kbv_middels?ref=badge\">\n\t\t\t\t\t\t\t\t\tFollow\n\t\t\t\t\t\t\t\t<\/a>\n\t\t\t\t\t\t\t<\/div>\n\t\t\t\t\t\t<\/div>\n\t\t\t\t\t<\/div><div class=\"wpz-insta-caption\">\ud83d\udca5 Meister 2025\/2026 in der m\u00e4nnl. B Jugend \ud83d\udca5\n\nWir gratulieren unseren Jungs ganz herzlich zum Meistertitel \ud83d\udcaa\ud83c\udffc\ud83c\udf89\nSie haben sowohl auf unserer Heimstrecke als auch ausw\u00e4rts eine top Leistung gezeigt und haben sich mit 17:3 Punkten den Titel wirklich verdient!\n\nIhr seid spitze, macht weiter so \ud83d\udcaf\ud83d\udd25\n\n#meistertitel #tabellenspitze #bjugend #kbvmiddels<\/div><div class=\"wpz-insta-date\">6\u00a0Monaten ago<\/div><div class=\"view-post\">\n\t\t\t\t\t<a href=\"https:\/\/www.instagram.com\/reel\/DViglRvDRuu\/\" target=\"_blank\" rel=\"noopener\"><span class=\"dashicons dashicons-instagram\"><\/span>View on Instagram<\/a>\n\t\t\t\t\t<span class=\"delimiter\">|<\/span>\n\t\t\t\t\t<div class=\"wpz-insta-pagination\">16\/20<\/div>\n\t\t\t\t\t<\/div><\/div><\/div><\/div><div data-uid=\"17940048363077680\" class=\"swiper-slide wpz-insta-lightbox-item\"><div class=\"wpz-insta-lightbox\"><div class=\"image-wrapper\"><img class=\"wpzoom-swiper-image swiper-lazy blurred\" data-src=\"https:\/\/www.kbv-middels.de\/WordPress\/wp-content\/uploads\/2014\/05\/639564555_895888513154094_2498347581897009565_n.jpg\" alt=\"\ud83d\udd34 15. Wettkampfwoche \u26ab\nAuf geht&#039;s in die hei\u00dfe Phase...\n\nDie M\u00e4nnerabteilung war sich letztes Wochenende einig - leider im Negativen \ud83e\udd72\nIn der Erwachsenenabteilung gab&#039;s leider keine Punkte zu holen. In Ihlow verteidigen die Gastgeber ihre Heimstrecke mit 13 Wurf gegen unsere MI.\nEbenso lie\u00df Fahne unsere MIV G\u00e4ste mit 4 Wurf an keine Punkte ran. \nZuhause gegen Willen holten sich die MII G\u00e4ste die Punkte und auch Dietrichsfeld zeigte unseren MV das sie auch bei uns werfen k\u00f6nnen...\n\nEinzig unsere m\u00e4nnl. B Jugend zeigte Nerven. \nSie wollten nat\u00fcrlich ihren 1. Tabellenplatz verteidigen.\nUnd das taten sie auch! Im Nachholwettkampf gg die SG Westersander\/L\u00fcbbertszehn zeigten sie, dass sie auch ausw\u00e4rts gut zurecht kommen und holten sich dort mit einem Wurf die beiden Punkte - und somit auch die vorzeitige Meisterschaft \ud83d\udca5\ud83e\udd73\ud83e\udd73\nAm kommenden Wochenende steht noch ein Nachholwettkampf aus - gebt Gas Jungs und unterstreicht das Ganze nochmal \ud83c\udf89\ud83e\uddbe\n\nDie Frauen war sich allerdings auch einig.\nDie 2. F I Mannschaft behielt Zuhause gg Rechtsupweg einen Punkt w\u00e4hrend die 1. FI in Collrunge einen Z\u00e4hler erarbeiten konnte. Beides super wichtige Punkte, denn beide Mannschaften sind noch im Verfolgerrennen auf den &quot;Nichtabstiegsplatz&quot;. \nDie letzten Wettk\u00e4mpfe m\u00fcssen hier sitzen um die Klasse &amp; Liga zu erhalten \ud83d\ude4f\ud83c\udffc\ud83d\udcab\n\n#kbvmiddels #k\u00e4mpfenbiszumschluss #kopfhochweitergehts #bo\u00dfelnistmeinsport\"\/><div class=\"wpz-no-reel-link-wrapper\"><a class=\"wpz-no-reel-link\" target=\"_blank\" href=\"https:\/\/www.instagram.com\/reel\/DVS33DvDeDu\/\"><span class=\"dashicons dashicons-controls-play\"><\/span>View Reel on Instagram<\/a><\/div><\/div>\n\t\t\t\t\t<div class=\"details-wrapper\">\n\t\t\t\t\t<div class=\"wpz-insta-header\">\n\t\t\t\t\t\t<div class=\"wpz-insta-avatar\">\n\t\t\t\t\t\t\t<img loading=\"lazy\" decoding=\"async\" src=\"https:\/\/www.kbv-middels.de\/WordPress\/wp-content\/uploads\/2023\/10\/387266684_341330328540150_6646291519891865113_n-1-150x150.jpg\" alt=\"@kbv_middels\" width=\"42\" height=\"42\"\/>\n\t\t\t\t\t\t<\/div>\n\t\t\t\t\t\t<div class=\"wpz-insta-buttons\">\n\t\t\t\t\t\t\t<div class=\"wpz-insta-username\">\n\t\t\t\t\t\t\t\t<a rel=\"noopener\" target=\"_blank\" href=\"https:\/\/instagram.com\/kbv_middels\">@kbv_middels<\/a>\n\t\t\t\t\t\t\t<\/div>\n\t\t\t\t\t\t\t<div>&bull;<\/div>\n\t\t\t\t\t\t\t<div class=\"wpz-insta-follow\">\n\t\t\t\t\t\t\t\t<a target=\"_blank\" rel=\"noopener\"\n\t\t\t\t\t\t\t\thref=\"https:\/\/instagram.com\/kbv_middels?ref=badge\">\n\t\t\t\t\t\t\t\t\tFollow\n\t\t\t\t\t\t\t\t<\/a>\n\t\t\t\t\t\t\t<\/div>\n\t\t\t\t\t\t<\/div>\n\t\t\t\t\t<\/div><div class=\"wpz-insta-caption\">\ud83d\udd34 15. Wettkampfwoche \u26ab\nAuf geht&#039;s in die hei\u00dfe Phase...\n\nDie M\u00e4nnerabteilung war sich letztes Wochenende einig - leider im Negativen \ud83e\udd72\nIn der Erwachsenenabteilung gab&#039;s leider keine Punkte zu holen. In Ihlow verteidigen die Gastgeber ihre Heimstrecke mit 13 Wurf gegen unsere MI.\nEbenso lie\u00df Fahne unsere MIV G\u00e4ste mit 4 Wurf an keine Punkte ran. \nZuhause gegen Willen holten sich die MII G\u00e4ste die Punkte und auch Dietrichsfeld zeigte unseren MV das sie auch bei uns werfen k\u00f6nnen...\n\nEinzig unsere m\u00e4nnl. B Jugend zeigte Nerven. \nSie wollten nat\u00fcrlich ihren 1. Tabellenplatz verteidigen.\nUnd das taten sie auch! Im Nachholwettkampf gg die SG Westersander\/L\u00fcbbertszehn zeigten sie, dass sie auch ausw\u00e4rts gut zurecht kommen und holten sich dort mit einem Wurf die beiden Punkte - und somit auch die vorzeitige Meisterschaft \ud83d\udca5\ud83e\udd73\ud83e\udd73\nAm kommenden Wochenende steht noch ein Nachholwettkampf aus - gebt Gas Jungs und unterstreicht das Ganze nochmal \ud83c\udf89\ud83e\uddbe\n\nDie Frauen war sich allerdings auch einig.\nDie 2. F I Mannschaft behielt Zuhause gg Rechtsupweg einen Punkt w\u00e4hrend die 1. FI in Collrunge einen Z\u00e4hler erarbeiten konnte. Beides super wichtige Punkte, denn beide Mannschaften sind noch im Verfolgerrennen auf den &quot;Nichtabstiegsplatz&quot;. \nDie letzten Wettk\u00e4mpfe m\u00fcssen hier sitzen um die Klasse &amp; Liga zu erhalten \ud83d\ude4f\ud83c\udffc\ud83d\udcab\n\n#kbvmiddels #k\u00e4mpfenbiszumschluss #kopfhochweitergehts #bo\u00dfelnistmeinsport<\/div><div class=\"wpz-insta-date\">6\u00a0Monaten ago<\/div><div class=\"view-post\">\n\t\t\t\t\t<a href=\"https:\/\/www.instagram.com\/reel\/DVS33DvDeDu\/\" target=\"_blank\" rel=\"noopener\"><span class=\"dashicons dashicons-instagram\"><\/span>View on Instagram<\/a>\n\t\t\t\t\t<span class=\"delimiter\">|<\/span>\n\t\t\t\t\t<div class=\"wpz-insta-pagination\">17\/20<\/div>\n\t\t\t\t\t<\/div><\/div><\/div><\/div><div data-uid=\"18143605441470982\" class=\"swiper-slide wpz-insta-lightbox-item\"><div class=\"wpz-insta-lightbox\"><div class=\"image-wrapper\"><img class=\"wpzoom-swiper-image swiper-lazy\" data-src=\"https:\/\/www.kbv-middels.de\/WordPress\/wp-content\/uploads\/2017\/07\/640788721_17954128476079880_2295433637569866101_n.jpg\" alt=\"\u26ab \ud83d\udd34  Bo\u00dfelkugel schnappen und los geht\u2019s!\n\nSpiel, Bewegung und ganz viel Spa\u00df beim Hallenbo\u00dfeln f\u00fcr unsere Bambinis.\n\n\ud83d\udc9b Wir freuen uns auf euch!\n\n#hallenbo\u00dfeln #bambinis #kbvmiddels #kindersport\n#vereinsleben\"\/><div class=\"swiper-lazy-preloader swiper-lazy-preloader-white\"><\/div><\/div>\n\t\t\t\t\t<div class=\"details-wrapper\">\n\t\t\t\t\t<div class=\"wpz-insta-header\">\n\t\t\t\t\t\t<div class=\"wpz-insta-avatar\">\n\t\t\t\t\t\t\t<img loading=\"lazy\" decoding=\"async\" src=\"https:\/\/www.kbv-middels.de\/WordPress\/wp-content\/uploads\/2023\/10\/387266684_341330328540150_6646291519891865113_n-1-150x150.jpg\" alt=\"@kbv_middels\" width=\"42\" height=\"42\"\/>\n\t\t\t\t\t\t<\/div>\n\t\t\t\t\t\t<div class=\"wpz-insta-buttons\">\n\t\t\t\t\t\t\t<div class=\"wpz-insta-username\">\n\t\t\t\t\t\t\t\t<a rel=\"noopener\" target=\"_blank\" href=\"https:\/\/instagram.com\/kbv_middels\">@kbv_middels<\/a>\n\t\t\t\t\t\t\t<\/div>\n\t\t\t\t\t\t\t<div>&bull;<\/div>\n\t\t\t\t\t\t\t<div class=\"wpz-insta-follow\">\n\t\t\t\t\t\t\t\t<a target=\"_blank\" rel=\"noopener\"\n\t\t\t\t\t\t\t\thref=\"https:\/\/instagram.com\/kbv_middels?ref=badge\">\n\t\t\t\t\t\t\t\t\tFollow\n\t\t\t\t\t\t\t\t<\/a>\n\t\t\t\t\t\t\t<\/div>\n\t\t\t\t\t\t<\/div>\n\t\t\t\t\t<\/div><div class=\"wpz-insta-caption\">\u26ab \ud83d\udd34  Bo\u00dfelkugel schnappen und los geht\u2019s!\n\nSpiel, Bewegung und ganz viel Spa\u00df beim Hallenbo\u00dfeln f\u00fcr unsere Bambinis.\n\n\ud83d\udc9b Wir freuen uns auf euch!\n\n#hallenbo\u00dfeln #bambinis #kbvmiddels #kindersport\n#vereinsleben<\/div><div class=\"wpz-insta-date\">6\u00a0Monaten ago<\/div><div class=\"view-post\">\n\t\t\t\t\t<a href=\"https:\/\/www.instagram.com\/p\/DVEc-RAjStu\/\" target=\"_blank\" rel=\"noopener\"><span class=\"dashicons dashicons-instagram\"><\/span>View on Instagram<\/a>\n\t\t\t\t\t<span class=\"delimiter\">|<\/span>\n\t\t\t\t\t<div class=\"wpz-insta-pagination\">18\/20<\/div>\n\t\t\t\t\t<\/div><\/div><\/div><\/div><div data-uid=\"17856853626566695\" class=\"swiper-slide wpz-insta-lightbox-item\"><div class=\"wpz-insta-lightbox\"><div class=\"image-wrapper\"><div class=\"swiper\" style=\"height: 100%;\"><div class=\"swiper-wrapper wpz-insta-album-images\"><div class=\"swiper-slide wpz-insta-album-image\" data-media-type=\"video\"><video controls muted preload=\"none\"><source src=\"https:\/\/scontent-fra5-2.cdninstagram.com\/o1\/v\/t2\/f2\/m367\/AQOxRVJyT7UOipiTwpBRxs-8Nn6x8WEButPDKV6-TQMyLPNaZOUSCYJyoclxenW6BkHYQpfGWkTzcBIjs3A5ISgy2CTffiWulWkZQb4.mp4?_nc_cat=107&#038;_nc_sid=5e9851&#038;_nc_ht=scontent-fra5-2.cdninstagram.com&#038;_nc_ohc=xF9mmTMUOaQQ7kNvwHn75IW&#038;efg=eyJ2ZW5jb2RlX3RhZyI6Inhwdl9wcm9ncmVzc2l2ZS5JTlNUQUdSQU0uQ0FST1VTRUxfSVRFTS5DMy40ODAuZGFzaF9iYXNlbGluZV8xX3YxIiwieHB2X2Fzc2V0X2lkIjoxNzk1Mzk3NzA5MzA3OTg4MCwiYXNzZXRfYWdlX2RheXMiOjE5MSwidmlfdXNlY2FzZV9pZCI6MTAxNDYsImR1cmF0aW9uX3MiOjI2LCJ1cmxnZW5fc291cmNlIjoid3d3In0%3D&#038;ccb=17-1&#038;vs=e020e54d9e236882&#038;_nc_vs=HBkcFQIYQGlnX2VwaGVtZXJhbC83ODQ0OUI5NDE1RDhCOTJBREU5RkQ1NkFDQ0Y0NzJBRl92aWRlb19kYXNoaW5pdC5tcDQVAALIARIAKAAYABsCiAd1c2Vfb2lsATEScHJvZ3Jlc3NpdmVfcmVjaXBlATEVAAAmkI2Cr4HD5D8VAigCQzMsF0A6XbItDlYEGBJkYXNoX2Jhc2VsaW5lXzFfdjERAHXuB2XEngEA&#038;_nc_gid=uK57epsa_bu5sgeJQjxhUA&#038;edm=ANo9K5cEAAAA&#038;_nc_zt=28&#038;_nc_tpa=Q5bMBQLHz1NzOsVcp47t39RbBAsWl3IQDgCK4y2budpy-d4eKnadXpr9eQZ9QjqAdnbeZDQ42H9Bsi-n&#038;oh=00_AQLIfrZCB8E4RCEOWZX9m4Ia0nIR7IIZ12aIF4oTeK_V3g&#038;oe=6A9C67C0\" type=\"video\/mp4\"\/><\/video><\/div><div class=\"swiper-slide wpz-insta-album-image\" data-media-type=\"video\"><video controls muted preload=\"none\"><source src=\"https:\/\/scontent-fra3-1.cdninstagram.com\/o1\/v\/t2\/f2\/m367\/AQOJm-V8EnNoM0i5b9qF9JcATiGfRCUnhsUDD3iDbv1VZ-US4Z3xy21-2ccYNWOXjg7S2vzhUc4B3Cd8Xk23jqQygeVDObtxdi6ZHjU.mp4?_nc_cat=105&#038;_nc_sid=5e9851&#038;_nc_ht=scontent-fra3-1.cdninstagram.com&#038;_nc_ohc=k74gTcMHqTEQ7kNvwGRDi9E&#038;efg=eyJ2ZW5jb2RlX3RhZyI6Inhwdl9wcm9ncmVzc2l2ZS5JTlNUQUdSQU0uQ0FST1VTRUxfSVRFTS5DMy40ODAuZGFzaF9iYXNlbGluZV8xX3YxIiwieHB2X2Fzc2V0X2lkIjoxNzk1Mzk3NzA1MTA3OTg4MCwiYXNzZXRfYWdlX2RheXMiOjE5MSwidmlfdXNlY2FzZV9pZCI6MTAxNDYsImR1cmF0aW9uX3MiOjExLCJ1cmxnZW5fc291cmNlIjoid3d3In0%3D&#038;ccb=17-1&#038;vs=14cc7c0974514cb7&#038;_nc_vs=HBkcFQIYQGlnX2VwaGVtZXJhbC80NzQ5QzY3NDJDQ0YzNzhBRjc0OTA4REE2MDdDNTJBOF92aWRlb19kYXNoaW5pdC5tcDQVAALIARIAKAAYABsCiAd1c2Vfb2lsATEScHJvZ3Jlc3NpdmVfcmVjaXBlATEVAAAmkJP7hoHD5D8VAigCQzMsF0AnzEm6XjU_GBJkYXNoX2Jhc2VsaW5lXzFfdjERAHXuB2XEngEA&#038;_nc_gid=uK57epsa_bu5sgeJQjxhUA&#038;edm=ANo9K5cEAAAA&#038;_nc_zt=28&#038;_nc_tpa=Q5bMBQJ0ERn11grXUakvYpPVnEnm0rjLgakYwIIfnPBEz3S9YNtd91qPH4HGqnbjqWwjkdNwAIBDJAZQ&#038;oh=00_AQJqNJnckl4PNyUEiBsThoDaRK_B0Gdzv7rAjjnDXlhZTA&#038;oe=6A9C69FA\" type=\"video\/mp4\"\/><\/video><\/div><div class=\"swiper-slide wpz-insta-album-image\" data-media-type=\"video\"><video controls muted preload=\"none\"><source src=\"https:\/\/scontent-fra3-2.cdninstagram.com\/o1\/v\/t2\/f2\/m367\/AQP2Z36iS1qF-jdYPGFAn91wKNe4xnpr6cMY0aSP0OhpoOq3ggvXOckkV7TbiaIOyQXrhJRoo4XKhRLqXr8tD3Jqms_hNC1mMBSSB4U.mp4?_nc_cat=104&#038;_nc_sid=5e9851&#038;_nc_ht=scontent-fra3-2.cdninstagram.com&#038;_nc_ohc=GnBL8D_6cNsQ7kNvwHZ76es&#038;efg=eyJ2ZW5jb2RlX3RhZyI6Inhwdl9wcm9ncmVzc2l2ZS5JTlNUQUdSQU0uQ0FST1VTRUxfSVRFTS5DMy40ODAuZGFzaF9iYXNlbGluZV8xX3YxIiwieHB2X2Fzc2V0X2lkIjoxNzk1Mzk3NzAxMjA3OTg4MCwiYXNzZXRfYWdlX2RheXMiOjE5MSwidmlfdXNlY2FzZV9pZCI6MTAxNDYsImR1cmF0aW9uX3MiOjIzLCJ1cmxnZW5fc291cmNlIjoid3d3In0%3D&#038;ccb=17-1&#038;vs=86621b307e1e671e&#038;_nc_vs=HBkcFQIYQGlnX2VwaGVtZXJhbC82MjRDMkIwQjVFNEMxQjg0QzZGRTRDMjdBQjIyQTQ5NV92aWRlb19kYXNoaW5pdC5tcDQVAALIARIAKAAYABsCiAd1c2Vfb2lsATEScHJvZ3Jlc3NpdmVfcmVjaXBlATEVAAAmkLTi4YDD5D8VAigCQzMsF0A3ZmZmZmZmGBJkYXNoX2Jhc2VsaW5lXzFfdjERAHXuB2XEngEA&#038;_nc_gid=uK57epsa_bu5sgeJQjxhUA&#038;edm=ANo9K5cEAAAA&#038;_nc_zt=28&#038;_nc_tpa=Q5bMBQLF6YIbBLd2EsqXEzk9dSUQCzHqkvSJZERvkaYp84wocYia4DBlQqfnd93BjAN-9OvjgfYJjdTS&#038;oh=00_AQKy2fWrhkAscsZJ9qIe8gBoH9s-woT3CB6lnQvuo2vYyw&#038;oe=6A9C4A1D\" type=\"video\/mp4\"\/><\/video><\/div><div class=\"swiper-slide wpz-insta-album-image\" data-media-type=\"video\"><video controls muted preload=\"none\"><source src=\"https:\/\/scontent-fra5-1.cdninstagram.com\/o1\/v\/t2\/f2\/m367\/AQNO-WA9ZPH5aGeYuQshxI4V4aMKey_oSmtI6FV8iF2PgxN1qeD0_PKpdtv-UpIpZc6z8tB6JU20JfhVefc83W2yiNzlaHSZi4YThCw.mp4?_nc_cat=110&#038;_nc_sid=5e9851&#038;_nc_ht=scontent-fra5-1.cdninstagram.com&#038;_nc_ohc=aml1prtRVowQ7kNvwEAcgGV&#038;efg=eyJ2ZW5jb2RlX3RhZyI6Inhwdl9wcm9ncmVzc2l2ZS5JTlNUQUdSQU0uQ0FST1VTRUxfSVRFTS5DMy43MjAuZGFzaF9iYXNlbGluZV8xX3YxIiwieHB2X2Fzc2V0X2lkIjoxNzk1Mzk3NzE4NjA3OTg4MCwiYXNzZXRfYWdlX2RheXMiOjE5MSwidmlfdXNlY2FzZV9pZCI6MTAxNDYsImR1cmF0aW9uX3MiOjE0LCJ1cmxnZW5fc291cmNlIjoid3d3In0%3D&#038;ccb=17-1&#038;vs=cb904c53ed26fbf8&#038;_nc_vs=HBkcFQIYQGlnX2VwaGVtZXJhbC83NzQ5QzFBQTREMDU5MDNEMkEyRDU2ODk2MjU0MUM4Q192aWRlb19kYXNoaW5pdC5tcDQVAALIARIAKAAYABsCiAd1c2Vfb2lsATEScHJvZ3Jlc3NpdmVfcmVjaXBlATEVAAAmkNLah4LD5D8VAigCQzMsF0AsEOVgQYk3GBJkYXNoX2Jhc2VsaW5lXzFfdjERAHXuB2XEngEA&#038;_nc_gid=uK57epsa_bu5sgeJQjxhUA&#038;edm=ANo9K5cEAAAA&#038;_nc_zt=28&#038;_nc_tpa=Q5bMBQJX6_Y6eRfvRpuz2pXDB-8wnqWWHCoibtDngIqNKH34Au-X2Dn_62fYVWqV6Q-uP82WhV6URcAC&#038;oh=00_AQJ2k0u4jT38pe8TEbJ5S6Ebi8qwpEV_64vfSqUDw3NeIg&#038;oe=6A9C7423\" type=\"video\/mp4\"\/><\/video><\/div><div class=\"swiper-slide wpz-insta-album-image\" data-media-type=\"video\"><video controls muted preload=\"none\"><source src=\"https:\/\/scontent-fra5-2.cdninstagram.com\/o1\/v\/t2\/f2\/m367\/AQMksZkLpb9qUXv-NxVLKUWfm_ycVU7G91vJQL0FggbvAOwBGJi54yZmcYxT6uami_O2RYuDzVZh6Sy-6klNx5uj2uOYjC0SvL58hk0.mp4?_nc_cat=107&#038;_nc_sid=5e9851&#038;_nc_ht=scontent-fra5-2.cdninstagram.com&#038;_nc_ohc=odzDCRC4zxUQ7kNvwF-ycYy&#038;efg=eyJ2ZW5jb2RlX3RhZyI6Inhwdl9wcm9ncmVzc2l2ZS5JTlNUQUdSQU0uQ0FST1VTRUxfSVRFTS5DMy40ODAuZGFzaF9iYXNlbGluZV8xX3YxIiwieHB2X2Fzc2V0X2lkIjoxNzk1Mzk3NzEzODA3OTg4MCwiYXNzZXRfYWdlX2RheXMiOjE5MSwidmlfdXNlY2FzZV9pZCI6MTAxNDYsImR1cmF0aW9uX3MiOjMwLCJ1cmxnZW5fc291cmNlIjoid3d3In0%3D&#038;ccb=17-1&#038;vs=957f7aaba4de129a&#038;_nc_vs=HBkcFQIYQGlnX2VwaGVtZXJhbC9GMTQ5RTM2QzE5MkZGM0U4MTdGOUMzNjU2QzZGQTZCMF92aWRlb19kYXNoaW5pdC5tcDQVAALIARIAKAAYABsCiAd1c2Vfb2lsATEScHJvZ3Jlc3NpdmVfcmVjaXBlATEVAAAmkKL32YHD5D8VAigCQzMsF0A-HXCj1wo9GBJkYXNoX2Jhc2VsaW5lXzFfdjERAHXuB2XEngEA&#038;_nc_gid=uK57epsa_bu5sgeJQjxhUA&#038;edm=ANo9K5cEAAAA&#038;_nc_zt=28&#038;_nc_tpa=Q5bMBQIkiabO6bz9xmImUHxFBNjwO3yZ21qY37-zoNKb5i8asM0imgOF69XZuf0u_F_eFeXmhCZmxCPQ&#038;oh=00_AQIlMj424SQ207bum9O1QvxhiwNf0tChJM8OHZDRDcDYlw&#038;oe=6A9C4F10\" type=\"video\/mp4\"\/><\/video><\/div><div class=\"swiper-slide wpz-insta-album-image\" data-media-type=\"video\"><video controls muted preload=\"none\"><source src=\"https:\/\/scontent-fra3-2.cdninstagram.com\/o1\/v\/t2\/f2\/m367\/AQMndLGkp0p3oTEt1XSYjodfBQlv0v3h8lhWrX0tjtbq8Tijz7dBkmXbAJBxXtff8idwWNPetG_Ceohx-cjfGWT6YnDVRAD1IIuxlK4.mp4?_nc_cat=111&#038;_nc_sid=5e9851&#038;_nc_ht=scontent-fra3-2.cdninstagram.com&#038;_nc_ohc=60Hblmj7eUYQ7kNvwH6r-cc&#038;efg=eyJ2ZW5jb2RlX3RhZyI6Inhwdl9wcm9ncmVzc2l2ZS5JTlNUQUdSQU0uQ0FST1VTRUxfSVRFTS5DMy40ODAuZGFzaF9iYXNlbGluZV8xX3YxIiwieHB2X2Fzc2V0X2lkIjoxNzk1Mzk3NzIyMjA3OTg4MCwiYXNzZXRfYWdlX2RheXMiOjE5MSwidmlfdXNlY2FzZV9pZCI6MTAxNDYsImR1cmF0aW9uX3MiOjM0LCJ1cmxnZW5fc291cmNlIjoid3d3In0%3D&#038;ccb=17-1&#038;vs=2ec1274b5d57c5fa&#038;_nc_vs=HBkcFQIYQGlnX2VwaGVtZXJhbC8xQjQ3QjU5NjlBRjJCMkMzODFERTI2RTkxRjE4RjBBMV92aWRlb19kYXNoaW5pdC5tcDQVAALIARIAKAAYABsCiAd1c2Vfb2lsATEScHJvZ3Jlc3NpdmVfcmVjaXBlATEVAAAmkJaFqoLD5D8VAigCQzMsF0BBewIMSbpeGBJkYXNoX2Jhc2VsaW5lXzFfdjERAHXuB2XEngEA&#038;_nc_gid=uK57epsa_bu5sgeJQjxhUA&#038;edm=ANo9K5cEAAAA&#038;_nc_zt=28&#038;_nc_tpa=Q5bMBQK2SJZKF2CXxpUaK03M5-RQEkSZtoEoT-FKl3sMJ0lOKnlpXH7snuwHDGyliluJfiPyJ04DpvxF&#038;oh=00_AQKLCUw2lMCpSs9taSO7WKgyrgh0hbW5RV8cWSLW_uSA4A&#038;oe=6A9C59A4\" type=\"video\/mp4\"\/><\/video><\/div><div class=\"swiper-slide wpz-insta-album-image\" data-media-type=\"video\"><video controls muted preload=\"none\"><source src=\"https:\/\/scontent-fra3-2.cdninstagram.com\/o1\/v\/t2\/f2\/m367\/AQPF0__Fw8VCN8eZeg2b-U4Iao0lhDBdWLOdnNjiJSTMKPYtvKkReICCN0GjLcIDt8HbbQJCBO3zALmnvzUllMvSfyrC9cDLBvkAwX8.mp4?_nc_cat=111&#038;_nc_sid=5e9851&#038;_nc_ht=scontent-fra3-2.cdninstagram.com&#038;_nc_ohc=jGg2L453PosQ7kNvwElWAe6&#038;efg=eyJ2ZW5jb2RlX3RhZyI6Inhwdl9wcm9ncmVzc2l2ZS5JTlNUQUdSQU0uQ0FST1VTRUxfSVRFTS5DMy40ODAuZGFzaF9iYXNlbGluZV8xX3YxIiwieHB2X2Fzc2V0X2lkIjoxNzk1Mzk3NzM0MjA3OTg4MCwiYXNzZXRfYWdlX2RheXMiOjE5MSwidmlfdXNlY2FzZV9pZCI6MTAxNDYsImR1cmF0aW9uX3MiOjE3LCJ1cmxnZW5fc291cmNlIjoid3d3In0%3D&#038;ccb=17-1&#038;vs=c0ed7214dc36639a&#038;_nc_vs=HBkcFQIYQGlnX2VwaGVtZXJhbC81NzQ0RjFCNjhBRUI1QzNBOEE0OUNBNUFBRDhDNUM5OV92aWRlb19kYXNoaW5pdC5tcDQVAALIARIAKAAYABsCiAd1c2Vfb2lsATEScHJvZ3Jlc3NpdmVfcmVjaXBlATEVAAAmkM69nIPD5D8VAigCQzMsF0Axy8an752yGBJkYXNoX2Jhc2VsaW5lXzFfdjERAHXuB2XEngEA&#038;_nc_gid=uK57epsa_bu5sgeJQjxhUA&#038;edm=ANo9K5cEAAAA&#038;_nc_zt=28&#038;_nc_tpa=Q5bMBQL2tI2dM-lo-JjQ0wL7EYKyIf3HXUjQ8DZ45oVlFHpxrg8KE48tbYkR2wGVFOnp0T-ilxQK3Z0Q&#038;oh=00_AQJsTlo63kUNfNX11cfB6f5uO4D9jN97uT_L0Vf6XqB3KQ&#038;oe=6A9C48F4\" type=\"video\/mp4\"\/><\/video><\/div><div class=\"swiper-slide wpz-insta-album-image\" data-media-type=\"video\"><video controls muted preload=\"none\"><source src=\"https:\/\/scontent-fra3-1.cdninstagram.com\/o1\/v\/t2\/f2\/m367\/AQPz3dtClMEbIVcg0qMFXZ5ZIDg8h3Uf8iJgspMsT0ruFMIBr5YGf0xt7UZWFlJ6Ve93dcymUscSjhHxz6FxQ_BOJUgerTtTwF0R0es.mp4?_nc_cat=101&#038;_nc_sid=5e9851&#038;_nc_ht=scontent-fra3-1.cdninstagram.com&#038;_nc_ohc=nwNacA2c3esQ7kNvwEgbtAc&#038;efg=eyJ2ZW5jb2RlX3RhZyI6Inhwdl9wcm9ncmVzc2l2ZS5JTlNUQUdSQU0uQ0FST1VTRUxfSVRFTS5DMy43MjAuZGFzaF9iYXNlbGluZV8xX3YxIiwieHB2X2Fzc2V0X2lkIjoxNzk1Mzk3NzQ2NTA3OTg4MCwiYXNzZXRfYWdlX2RheXMiOjE5MSwidmlfdXNlY2FzZV9pZCI6MTAxNDYsImR1cmF0aW9uX3MiOjE0LCJ1cmxnZW5fc291cmNlIjoid3d3In0%3D&#038;ccb=17-1&#038;vs=df7e6cfe63682ea7&#038;_nc_vs=HBkcFQIYQGlnX2VwaGVtZXJhbC9DQTQ2ODQ4RDU3RjIyNTYyQzY2OTNEOTY4QTVCRUFCMV92aWRlb19kYXNoaW5pdC5tcDQVAALIARIAKAAYABsCiAd1c2Vfb2lsATEScHJvZ3Jlc3NpdmVfcmVjaXBlATEVAAAmkKHkkYTD5D8VAigCQzMsF0AtiDEm6XjVGBJkYXNoX2Jhc2VsaW5lXzFfdjERAHXuB2XEngEA&#038;_nc_gid=uK57epsa_bu5sgeJQjxhUA&#038;edm=ANo9K5cEAAAA&#038;_nc_zt=28&#038;_nc_tpa=Q5bMBQLOFnQxtRPBJ9K69CJmVeMhVQAqjnR3-gyVdL8EQ5nBxW58Sh84ASTUDJKsDrCeAw8qWlhUwTW8&#038;oh=00_AQLPt4pvRSQM7G3jYwzYQRoazKKuYH4XNYjiX1eepiMVUw&#038;oe=6A9C5AF6\" type=\"video\/mp4\"\/><\/video><\/div><div class=\"swiper-slide wpz-insta-album-image\" data-media-type=\"video\"><video controls muted preload=\"none\"><source src=\"https:\/\/scontent-fra5-2.cdninstagram.com\/o1\/v\/t2\/f2\/m367\/AQP_x4RtpY70sQdiVh5z1vvhsYDSJCMm90TJ5-1ryfpoDrjk9kBHzu3NEL3SwDdL81Tp0h1Kjoau6L2oNnocSTNvbt15KvmhQn3yaPk.mp4?_nc_cat=106&#038;_nc_sid=5e9851&#038;_nc_ht=scontent-fra5-2.cdninstagram.com&#038;_nc_ohc=GRTOOrdJvjcQ7kNvwG2WmKC&#038;efg=eyJ2ZW5jb2RlX3RhZyI6Inhwdl9wcm9ncmVzc2l2ZS5JTlNUQUdSQU0uQ0FST1VTRUxfSVRFTS5DMy40ODAuZGFzaF9iYXNlbGluZV8xX3YxIiwieHB2X2Fzc2V0X2lkIjoxNzk1Mzk3NzM5MzA3OTg4MCwiYXNzZXRfYWdlX2RheXMiOjE5MSwidmlfdXNlY2FzZV9pZCI6MTAxNDYsImR1cmF0aW9uX3MiOjI1LCJ1cmxnZW5fc291cmNlIjoid3d3In0%3D&#038;ccb=17-1&#038;vs=5212f732a50f52a3&#038;_nc_vs=HBkcFQIYQGlnX2VwaGVtZXJhbC9BODRGNTVENDFGMEYzM0Q5NDQyNjE5MTdERDI5Q0ZBN192aWRlb19kYXNoaW5pdC5tcDQVAALIARIAKAAYABsCiAd1c2Vfb2lsATEScHJvZ3Jlc3NpdmVfcmVjaXBlATEVAAAmkJmPzYPD5D8VAigCQzMsF0A5VT987ZFoGBJkYXNoX2Jhc2VsaW5lXzFfdjERAHXuB2XEngEA&#038;_nc_gid=uK57epsa_bu5sgeJQjxhUA&#038;edm=ANo9K5cEAAAA&#038;_nc_zt=28&#038;_nc_tpa=Q5bMBQJFSP7owq8K-TmOeNQgybqIR71ZevmN_QuLRy6KxDddhWLOK7wB0ka66LsNXf_33JJS1jWWLWlQ&#038;oh=00_AQIWWFyqNsZOxbQB1KxefgBGSwH5nN4IdyzwsidLSdhzPQ&#038;oe=6A9C620F\" type=\"video\/mp4\"\/><\/video><\/div><div class=\"swiper-slide wpz-insta-album-image\" data-media-type=\"video\"><video controls muted preload=\"none\"><source src=\"https:\/\/scontent-fra5-2.cdninstagram.com\/o1\/v\/t2\/f2\/m367\/AQPrERBoe_4liKOSS-4RqTGMKNSoYqVGqfSf_1ChFcE1fBvsJX2kXcycI5XPAUHHdlmYVmnNC4iCgoUUWdnV3kMWEYeLLfwsVH7dru8.mp4?_nc_cat=109&#038;_nc_sid=5e9851&#038;_nc_ht=scontent-fra5-2.cdninstagram.com&#038;_nc_ohc=0oY_AKjUkC8Q7kNvwGomrri&#038;efg=eyJ2ZW5jb2RlX3RhZyI6Inhwdl9wcm9ncmVzc2l2ZS5JTlNUQUdSQU0uQ0FST1VTRUxfSVRFTS5DMy40ODAuZGFzaF9iYXNlbGluZV8xX3YxIiwieHB2X2Fzc2V0X2lkIjoxNzk1Mzk3NzUxMzA3OTg4MCwiYXNzZXRfYWdlX2RheXMiOjE5MSwidmlfdXNlY2FzZV9pZCI6MTAxNDYsImR1cmF0aW9uX3MiOjIyLCJ1cmxnZW5fc291cmNlIjoid3d3In0%3D&#038;ccb=17-1&#038;vs=2c06da8e636c1509&#038;_nc_vs=HBkcFQIYQGlnX2VwaGVtZXJhbC9BNDQ1MTFCQzhCMDFBRkU3NkVENkUwM0VCNDEyRDE5N192aWRlb19kYXNoaW5pdC5tcDQVAALIARIAKAAYABsCiAd1c2Vfb2lsATEScHJvZ3Jlc3NpdmVfcmVjaXBlATEVAAAmkNHHv4TD5D8VAigCQzMsF0A2a8an752yGBJkYXNoX2Jhc2VsaW5lXzFfdjERAHXuB2XEngEA&#038;_nc_gid=uK57epsa_bu5sgeJQjxhUA&#038;edm=ANo9K5cEAAAA&#038;_nc_zt=28&#038;_nc_tpa=Q5bMBQKQA6TSHOEfpKOnQICprhvygV_JqqFr-OTuGMF-EfZkkEXHzo80x5j4b4hWz3HWkCDrxf6sLtyV&#038;oh=00_AQKKIoevhkNQ2xChCBavHVotPJWOUqRHwG5KojZO16xnvg&#038;oe=6A9C5342\" type=\"video\/mp4\"\/><\/video><\/div><\/div><div class=\"swiper-pagination\"><\/div><div class=\"swiper-button-prev\"><\/div><div class=\"swiper-button-next\"><\/div><\/div><\/div>\n\t\t\t\t\t<div class=\"details-wrapper\">\n\t\t\t\t\t<div class=\"wpz-insta-header\">\n\t\t\t\t\t\t<div class=\"wpz-insta-avatar\">\n\t\t\t\t\t\t\t<img loading=\"lazy\" decoding=\"async\" src=\"https:\/\/www.kbv-middels.de\/WordPress\/wp-content\/uploads\/2023\/10\/387266684_341330328540150_6646291519891865113_n-1-150x150.jpg\" alt=\"@kbv_middels\" width=\"42\" height=\"42\"\/>\n\t\t\t\t\t\t<\/div>\n\t\t\t\t\t\t<div class=\"wpz-insta-buttons\">\n\t\t\t\t\t\t\t<div class=\"wpz-insta-username\">\n\t\t\t\t\t\t\t\t<a rel=\"noopener\" target=\"_blank\" href=\"https:\/\/instagram.com\/kbv_middels\">@kbv_middels<\/a>\n\t\t\t\t\t\t\t<\/div>\n\t\t\t\t\t\t\t<div>&bull;<\/div>\n\t\t\t\t\t\t\t<div class=\"wpz-insta-follow\">\n\t\t\t\t\t\t\t\t<a target=\"_blank\" rel=\"noopener\"\n\t\t\t\t\t\t\t\thref=\"https:\/\/instagram.com\/kbv_middels?ref=badge\">\n\t\t\t\t\t\t\t\t\tFollow\n\t\t\t\t\t\t\t\t<\/a>\n\t\t\t\t\t\t\t<\/div>\n\t\t\t\t\t\t<\/div>\n\t\t\t\t\t<\/div><div class=\"wpz-insta-caption\">Update zur 10.-14. Wettkampfwoche \ud83d\udce2\n- Frauenbereich -\n\nAuch hier hat sich nach dem leicht chaotischen R\u00fcckrundenstart so langsam wieder alles eingependelt.\n\nF\u00fcr die Frauen I Mannschaften k\u00f6nnte es aktuell besser aussehen. Die 2.FI fuhr anfangs wichtige Heimpunkte mit 13 Wurf gegen Upgant-Schott und 10 Wurf gegen Menstede-Arle ein, gegen Spekendorf, Leegmoor und Pfalzdorf sollte es jedoch nicht klappen. \nDie Bezirksliga Mannschaft t\u00fctete zwar Heimpunkte gg Ardorf und Reepsholt und ausw\u00e4rts gg Ihlow ein, beim Nachbarn in Spekendorf und in M\u00fcggenkrug schauten sie jedoch auch ins Leere.\nBeide Mannschaften finden sich im Moment auf dem 9. Platz wieder und m\u00fcssen im Endspurt noch ordentlich ackern um nicht in Keller h\u00e4ngen zu bleiben. \u270a\ud83c\udffc\n\nDie FIV Mannschaft hatte bisher nur zwei Wettk\u00e4mpfe, wo jedoch leider keine Punkte f\u00fcr den KBV \u00fcbrig waren...\nAktuell sind sie auf dem 7. Platz.\n\nAuch hier geht&#039;s auf in den Endspurt, oder eher gesagt -  auf wichtige Punktejagd! \n\n#kbvmiddels #aufindenkampf #amendewirdabgerechnet #weitergehts #bo\u00dfelnistmehralsnureinhobby<\/div><div class=\"wpz-insta-date\">6\u00a0Monaten ago<\/div><div class=\"view-post\">\n\t\t\t\t\t<a href=\"https:\/\/www.instagram.com\/p\/DVBEDLvjcIp\/\" target=\"_blank\" rel=\"noopener\"><span class=\"dashicons dashicons-instagram\"><\/span>View on Instagram<\/a>\n\t\t\t\t\t<span class=\"delimiter\">|<\/span>\n\t\t\t\t\t<div class=\"wpz-insta-pagination\">19\/20<\/div>\n\t\t\t\t\t<\/div><\/div><\/div><\/div><div data-uid=\"18105146473835406\" class=\"swiper-slide wpz-insta-lightbox-item\"><div class=\"wpz-insta-lightbox\"><div class=\"image-wrapper\"><div class=\"swiper\" style=\"height: 100%;\"><div class=\"swiper-wrapper wpz-insta-album-images\"><div class=\"swiper-slide wpz-insta-album-image\" data-media-type=\"video\"><video controls muted preload=\"none\"><source src=\"https:\/\/scontent-fra5-1.cdninstagram.com\/o1\/v\/t2\/f2\/m367\/AQNipHb6p7-5gH_aYGzNig3PC80Il07VPSmE1L-TZ4NNJORhAYtynCAtBj0yRVrEcFcgi22elkpS3EwBjhCT_-HcINU9sNCmfafQc-U.mp4?_nc_cat=102&#038;_nc_sid=5e9851&#038;_nc_ht=scontent-fra5-1.cdninstagram.com&#038;_nc_ohc=i37ZBOVcrLwQ7kNvwGI8UKn&#038;efg=eyJ2ZW5jb2RlX3RhZyI6Inhwdl9wcm9ncmVzc2l2ZS5JTlNUQUdSQU0uQ0FST1VTRUxfSVRFTS5DMy40ODAuZGFzaF9iYXNlbGluZV8xX3YxIiwieHB2X2Fzc2V0X2lkIjoxNzk1Mzg3NDM5MTA3OTg4MCwiYXNzZXRfYWdlX2RheXMiOjE5MiwidmlfdXNlY2FzZV9pZCI6MTAxNDYsImR1cmF0aW9uX3MiOjE2LCJ1cmxnZW5fc291cmNlIjoid3d3In0%3D&#038;ccb=17-1&#038;vs=dfa17b1b1b9bf9df&#038;_nc_vs=HBkcFQIYQGlnX2VwaGVtZXJhbC9BNjQxRjJFMTBFMjk4OTYyNEY5NzA1RTYwNjI1MDBCMF92aWRlb19kYXNoaW5pdC5tcDQVAALIARIAKAAYABsCiAd1c2Vfb2lsATEScHJvZ3Jlc3NpdmVfcmVjaXBlATEVAAAmkO_gloS95D8VAigCQzMsF0Awe-dsi0OWGBJkYXNoX2Jhc2VsaW5lXzFfdjERAHXuB2XEngEA&#038;_nc_gid=uK57epsa_bu5sgeJQjxhUA&#038;edm=ANo9K5cEAAAA&#038;_nc_zt=28&#038;_nc_tpa=Q5bMBQLd05GxImYRByVF2UW1nX3DJrPsPD2hM5GLeBUy7Ke9H5RK1Qok4x_-13mQdbMMZrFbdVO9W5ZZ&#038;oh=00_AQIsaWZFI7b8vB5sFRd6En7sYOYYp71JqANwSocm3zhW3w&#038;oe=6A9C5D33\" type=\"video\/mp4\"\/><\/video><\/div><div class=\"swiper-slide wpz-insta-album-image\" data-media-type=\"video\"><video controls muted preload=\"none\"><source src=\"https:\/\/scontent-fra3-1.cdninstagram.com\/o1\/v\/t2\/f2\/m367\/AQPOCjRIEtFFFtyKiFdAmwB4oL6WhvXhpE1DYj65nIL-i1b03G7AjfAFrVGkzu0WDmC2iOSjIx51yQAxQsCg6oG3Yi1HDSCKkXxwsnI.mp4?_nc_cat=108&#038;_nc_sid=5e9851&#038;_nc_ht=scontent-fra3-1.cdninstagram.com&#038;_nc_ohc=Zf-cqCGnvBsQ7kNvwG62Eys&#038;efg=eyJ2ZW5jb2RlX3RhZyI6Inhwdl9wcm9ncmVzc2l2ZS5JTlNUQUdSQU0uQ0FST1VTRUxfSVRFTS5DMy40ODAuZGFzaF9iYXNlbGluZV8xX3YxIiwieHB2X2Fzc2V0X2lkIjoxNzk1Mzg3NDQ4MTA3OTg4MCwiYXNzZXRfYWdlX2RheXMiOjE5MiwidmlfdXNlY2FzZV9pZCI6MTAxNDYsImR1cmF0aW9uX3MiOjE0LCJ1cmxnZW5fc291cmNlIjoid3d3In0%3D&#038;ccb=17-1&#038;vs=28129fed6032d4af&#038;_nc_vs=HBkcFQIYQGlnX2VwaGVtZXJhbC9DOTQyRDZFN0IwOTVERTI3MEExNDNGMzcwRTVEQkQ5OF92aWRlb19kYXNoaW5pdC5tcDQVAALIARIAKAAYABsCiAd1c2Vfb2lsATEScHJvZ3Jlc3NpdmVfcmVjaXBlATEVAAAmkJnL7IS95D8VAigCQzMsF0As1HrhR64UGBJkYXNoX2Jhc2VsaW5lXzFfdjERAHXuB2XEngEA&#038;_nc_gid=uK57epsa_bu5sgeJQjxhUA&#038;edm=ANo9K5cEAAAA&#038;_nc_zt=28&#038;_nc_tpa=Q5bMBQKJinmImR_U-muwvTroEn5Ysbth4zNT1Uf9W7EJQraaCFEvbcl737u1Q66fYN_VhfFGRnEP3aEA&#038;oh=00_AQL77nj-WkYVFIZbbM1F_Rk_XNPzIWxLnUH-2wCKvefcCw&#038;oe=6A9C5365\" type=\"video\/mp4\"\/><\/video><\/div><div class=\"swiper-slide wpz-insta-album-image\" data-media-type=\"video\"><video controls muted preload=\"none\"><source src=\"https:\/\/scontent-fra3-2.cdninstagram.com\/o1\/v\/t2\/f2\/m367\/AQMzQIECqMVsWCbaq7nJ6bFWUrTWkYg6bFK_FkJnazEAWLsxj2VlS_JwySaISOjnHtBeSVBhvoxhYl-4eRaWzwJJkFr-5FdFEJ0rCz4.mp4?_nc_cat=111&#038;_nc_sid=5e9851&#038;_nc_ht=scontent-fra3-2.cdninstagram.com&#038;_nc_ohc=44ZDe1miL3EQ7kNvwEcGIUT&#038;efg=eyJ2ZW5jb2RlX3RhZyI6Inhwdl9wcm9ncmVzc2l2ZS5JTlNUQUdSQU0uQ0FST1VTRUxfSVRFTS5DMy40ODAuZGFzaF9iYXNlbGluZV8xX3YxIiwieHB2X2Fzc2V0X2lkIjoxNzk1Mzg3NDQ0NTA3OTg4MCwiYXNzZXRfYWdlX2RheXMiOjE5MiwidmlfdXNlY2FzZV9pZCI6MTAxNDYsImR1cmF0aW9uX3MiOjE4LCJ1cmxnZW5fc291cmNlIjoid3d3In0%3D&#038;ccb=17-1&#038;vs=d8c1f4c913d18cf0&#038;_nc_vs=HBkcFQIYQGlnX2VwaGVtZXJhbC8yQTQyNDEwRUY2REJDOUIyQTE4MEY1RUJCRTBERDg5N192aWRlb19kYXNoaW5pdC5tcDQVAALIARIAKAAYABsCiAd1c2Vfb2lsATEScHJvZ3Jlc3NpdmVfcmVjaXBlATEVAAAmkNWgyoS95D8VAigCQzMsF0Ay-JN0vGp_GBJkYXNoX2Jhc2VsaW5lXzFfdjERAHXuB2XEngEA&#038;_nc_gid=uK57epsa_bu5sgeJQjxhUA&#038;edm=ANo9K5cEAAAA&#038;_nc_zt=28&#038;_nc_tpa=Q5bMBQIe8LWSk7fX7F4PQUN2qtLs6jZSwuz3NTf1hiWE1GvYxb-bR2AKuO5hr71qCPRLRscD4d9hxsmG&#038;oh=00_AQIK0_xllgJ26wZj0yvlDW2LwGEarV0c0gL0RNrWTSvfWQ&#038;oe=6A9C6994\" type=\"video\/mp4\"\/><\/video><\/div><div class=\"swiper-slide wpz-insta-album-image\" data-media-type=\"video\"><video controls muted preload=\"none\"><source src=\"https:\/\/scontent-fra3-1.cdninstagram.com\/o1\/v\/t2\/f2\/m367\/AQNmCVnZXETFYi9MbxWa_4RT7U0oARKcyOpNGWeGK4O4B8ansSiTTPPDJyisLBMhogV1u_U48dr0zaYyqaaufkAaMekilu3Ftd-rIiU.mp4?_nc_cat=108&#038;_nc_sid=5e9851&#038;_nc_ht=scontent-fra3-1.cdninstagram.com&#038;_nc_ohc=rf3pTMDmWtMQ7kNvwGJMMPc&#038;efg=eyJ2ZW5jb2RlX3RhZyI6Inhwdl9wcm9ncmVzc2l2ZS5JTlNUQUdSQU0uQ0FST1VTRUxfSVRFTS5DMy40ODAuZGFzaF9iYXNlbGluZV8xX3YxIiwieHB2X2Fzc2V0X2lkIjoxNzk1Mzg3NDU1OTA3OTg4MCwiYXNzZXRfYWdlX2RheXMiOjE5MiwidmlfdXNlY2FzZV9pZCI6MTAxNDYsImR1cmF0aW9uX3MiOjE5LCJ1cmxnZW5fc291cmNlIjoid3d3In0%3D&#038;ccb=17-1&#038;vs=b144081e89568ca9&#038;_nc_vs=HBkcFQIYQGlnX2VwaGVtZXJhbC8xNzQ1N0U5NEYzMkE0MTFGMjlGQTAzRTBEN0M0MkI4MV92aWRlb19kYXNoaW5pdC5tcDQVAALIARIAKAAYABsCiAd1c2Vfb2lsATEScHJvZ3Jlc3NpdmVfcmVjaXBlATEVAAAmkNf8toW95D8VAigCQzMsF0AzMCDEm6XjGBJkYXNoX2Jhc2VsaW5lXzFfdjERAHXuB2XEngEA&#038;_nc_gid=uK57epsa_bu5sgeJQjxhUA&#038;edm=ANo9K5cEAAAA&#038;_nc_zt=28&#038;_nc_tpa=Q5bMBQKm9XOm06zpaPADnyZT0aklOwHN9kUvOhJAbob0wsMengQcLM6tIoYCfpbFyBCODQWm7wCWAgIf&#038;oh=00_AQJ3vrviajxV_CwChvtK8o9xRjaeru3RvWCIMv7H78f3fA&#038;oe=6A9C4FC5\" type=\"video\/mp4\"\/><\/video><\/div><div class=\"swiper-slide wpz-insta-album-image\" data-media-type=\"video\"><video controls muted preload=\"none\"><source src=\"https:\/\/scontent-fra5-2.cdninstagram.com\/o1\/v\/t2\/f2\/m367\/AQNkS2J8T6rBXo0-tm5vrlRLNBgp_U3Sk1Ct1HE-NtOWRxT-oJuvleqhfHJPxcsAWU_O-Phy5UvckoltGjr2I0CH41Z1azhC5yRG95Q.mp4?_nc_cat=109&#038;_nc_sid=5e9851&#038;_nc_ht=scontent-fra5-2.cdninstagram.com&#038;_nc_ohc=Cq4FQkgtdaoQ7kNvwGojxY9&#038;efg=eyJ2ZW5jb2RlX3RhZyI6Inhwdl9wcm9ncmVzc2l2ZS5JTlNUQUdSQU0uQ0FST1VTRUxfSVRFTS5DMy40ODAuZGFzaF9iYXNlbGluZV8xX3YxIiwieHB2X2Fzc2V0X2lkIjoxNzk1Mzg3NDYwMTA3OTg4MCwiYXNzZXRfYWdlX2RheXMiOjE5MiwidmlfdXNlY2FzZV9pZCI6MTAxNDYsImR1cmF0aW9uX3MiOjE4LCJ1cmxnZW5fc291cmNlIjoid3d3In0%3D&#038;ccb=17-1&#038;vs=6c511a50302d7f2f&#038;_nc_vs=HBkcFQIYQGlnX2VwaGVtZXJhbC9FRTQ2RjdERTVGMTgxOTk5ODFCMkMwMDQ2NzVENkI4NV92aWRlb19kYXNoaW5pdC5tcDQVAALIARIAKAAYABsCiAd1c2Vfb2lsATEScHJvZ3Jlc3NpdmVfcmVjaXBlATEVAAAmkNGD34W95D8VAigCQzMsF0AyRBiTdLxqGBJkYXNoX2Jhc2VsaW5lXzFfdjERAHXuB2XEngEA&#038;_nc_gid=uK57epsa_bu5sgeJQjxhUA&#038;edm=ANo9K5cEAAAA&#038;_nc_zt=28&#038;_nc_tpa=Q5bMBQIjLYtnq6NK6JOMU8-026NJo8rcFYIZgOvrdvzV0y_NlEiSznksi0oBESr-ZbGGFlwnwxcck9jY&#038;oh=00_AQJYFGpXxZQsoZLuPAFwuDajJqqDhF9OQ0_34TgprO54zg&#038;oe=6A9C6A32\" type=\"video\/mp4\"\/><\/video><\/div><div class=\"swiper-slide wpz-insta-album-image\" data-media-type=\"video\"><video controls muted preload=\"none\"><source src=\"https:\/\/scontent-fra3-2.cdninstagram.com\/o1\/v\/t2\/f2\/m367\/AQMIY4FgOzIYMMFhK54AV49RPTVyGOQ-jXlnH04aIwCZneOS7w0hYLmTY5NsY2y76beSIyqoxNUV2SEWGSZ9YeLjPE9PiW2-frSF78I.mp4?_nc_cat=104&#038;_nc_sid=5e9851&#038;_nc_ht=scontent-fra3-2.cdninstagram.com&#038;_nc_ohc=xZO-APc7GlMQ7kNvwFW6Nr7&#038;efg=eyJ2ZW5jb2RlX3RhZyI6Inhwdl9wcm9ncmVzc2l2ZS5JTlNUQUdSQU0uQ0FST1VTRUxfSVRFTS5DMy40ODAuZGFzaF9iYXNlbGluZV8xX3YxIiwieHB2X2Fzc2V0X2lkIjoxNzk1Mzg3NDY1NTA3OTg4MCwiYXNzZXRfYWdlX2RheXMiOjE5MiwidmlfdXNlY2FzZV9pZCI6MTAxNDYsImR1cmF0aW9uX3MiOjIzLCJ1cmxnZW5fc291cmNlIjoid3d3In0%3D&#038;ccb=17-1&#038;vs=291305f70a267cf2&#038;_nc_vs=HBkcFQIYQGlnX2VwaGVtZXJhbC9DMzQwMUFERDRGNjM0MEMzNTdCNEE4ODdEMzczRUY4M192aWRlb19kYXNoaW5pdC5tcDQVAALIARIAKAAYABsCiAd1c2Vfb2lsATEScHJvZ3Jlc3NpdmVfcmVjaXBlATEVAAAmkLfDkoa95D8VAigCQzMsF0A360OVgQYlGBJkYXNoX2Jhc2VsaW5lXzFfdjERAHXuB2XEngEA&#038;_nc_gid=uK57epsa_bu5sgeJQjxhUA&#038;edm=ANo9K5cEAAAA&#038;_nc_zt=28&#038;_nc_tpa=Q5bMBQKrYXmYkakq9P2fFv_H5C46bEB7RGtB_3bmBqOHp0hvwVIuKAS1xKlOz5FC6g6UMAQ40K76OSrQ&#038;oh=00_AQLhL1aAyITzBCEX58gnp4xCdi-G6wVAIN0IvMNdo1QbyA&#038;oe=6A9C6535\" type=\"video\/mp4\"\/><\/video><\/div><div class=\"swiper-slide wpz-insta-album-image\" data-media-type=\"video\"><video controls muted preload=\"none\"><source src=\"https:\/\/scontent-fra5-1.cdninstagram.com\/o1\/v\/t2\/f2\/m367\/AQOzjHpkbpQo0KeBMl_GfIuJxT4NGO9KZs9r3CFzTyYi22m3QuWuZVn7_LrF2pMgvyZJTTq0vF1DktGqpy0itjNVwRzvZZAPY4BbWG0.mp4?_nc_cat=110&#038;_nc_sid=5e9851&#038;_nc_ht=scontent-fra5-1.cdninstagram.com&#038;_nc_ohc=WK6vG81BXBQQ7kNvwGHGcP_&#038;efg=eyJ2ZW5jb2RlX3RhZyI6Inhwdl9wcm9ncmVzc2l2ZS5JTlNUQUdSQU0uQ0FST1VTRUxfSVRFTS5DMy40ODAuZGFzaF9iYXNlbGluZV8xX3YxIiwieHB2X2Fzc2V0X2lkIjoxNzk1Mzg3NDcwMDA3OTg4MCwiYXNzZXRfYWdlX2RheXMiOjE5MiwidmlfdXNlY2FzZV9pZCI6MTAxNDYsImR1cmF0aW9uX3MiOjE5LCJ1cmxnZW5fc291cmNlIjoid3d3In0%3D&#038;ccb=17-1&#038;vs=b6a4541ad2f0e955&#038;_nc_vs=HBkcFQIYQGlnX2VwaGVtZXJhbC9BOTQ2NjQ5QzAyNkMzRURBM0IyRTM3NDM5NzI2MTc4OV92aWRlb19kYXNoaW5pdC5tcDQVAALIARIAKAAYABsCiAd1c2Vfb2lsATEScHJvZ3Jlc3NpdmVfcmVjaXBlATEVAAAmkMy4vYa95D8VAigCQzMsF0AzMvGp--dtGBJkYXNoX2Jhc2VsaW5lXzFfdjERAHXuB2XEngEA&#038;_nc_gid=uK57epsa_bu5sgeJQjxhUA&#038;edm=ANo9K5cEAAAA&#038;_nc_zt=28&#038;_nc_tpa=Q5bMBQJ3_xrZxNbbBVvtSVKFRTKjG-LEDO3nSajluQhUsrn5HKxu0J2DKd7r4L6SvCgVheH522yEA68B&#038;oh=00_AQIiISIePP_ZX2vyVuKsd0CoWk514awPRqfmr2x644nQ-g&#038;oe=6A9C59CF\" type=\"video\/mp4\"\/><\/video><\/div><div class=\"swiper-slide wpz-insta-album-image\" data-media-type=\"video\"><video controls muted preload=\"none\"><source src=\"https:\/\/scontent-fra3-1.cdninstagram.com\/o1\/v\/t2\/f2\/m367\/AQNKiwKrOojeV8xSSH4QP_EJFn1mN3TKI89wu6TbWpntJo47dk-X2uanUzrbOo8gAOWGR-f5-qEIYPNdcOia9wqd2eK_rXIC785rv6Q.mp4?_nc_cat=103&#038;_nc_sid=5e9851&#038;_nc_ht=scontent-fra3-1.cdninstagram.com&#038;_nc_ohc=vZuEIL0IdLUQ7kNvwGVXX7g&#038;efg=eyJ2ZW5jb2RlX3RhZyI6Inhwdl9wcm9ncmVzc2l2ZS5JTlNUQUdSQU0uQ0FST1VTRUxfSVRFTS5DMy40ODAuZGFzaF9iYXNlbGluZV8xX3YxIiwieHB2X2Fzc2V0X2lkIjoxNzk1Mzg3NDg5NTA3OTg4MCwiYXNzZXRfYWdlX2RheXMiOjE5MiwidmlfdXNlY2FzZV9pZCI6MTAxNDYsImR1cmF0aW9uX3MiOjEzLCJ1cmxnZW5fc291cmNlIjoid3d3In0%3D&#038;ccb=17-1&#038;vs=9865f3fb3352be10&#038;_nc_vs=HBkcFQIYQGlnX2VwaGVtZXJhbC85NTQyMTJFODMwMUU0NzRDRDk0RDdFMTRBOTU4NTZCQ192aWRlb19kYXNoaW5pdC5tcDQVAALIARIAKAAYABsCiAd1c2Vfb2lsATEScHJvZ3Jlc3NpdmVfcmVjaXBlATEVAAAmkKe094e95D8VAigCQzMsF0AqkWhysCDFGBJkYXNoX2Jhc2VsaW5lXzFfdjERAHXuB2XEngEA&#038;_nc_gid=uK57epsa_bu5sgeJQjxhUA&#038;edm=ANo9K5cEAAAA&#038;_nc_zt=28&#038;_nc_tpa=Q5bMBQJZbC6iMBe2yOoiRMZWJXus4ZYMLYzgerZmqFXU4rFqkUpf63IVRWUo9mSlunA4VyXzH37l8PP5&#038;oh=00_AQL0vh2HhX_SzX-0Irgv8MV_xktY1LwlI0Scqm8025qNPQ&#038;oe=6A9C700C\" type=\"video\/mp4\"\/><\/video><\/div><div class=\"swiper-slide wpz-insta-album-image\" data-media-type=\"video\"><video controls muted preload=\"none\"><source src=\"https:\/\/scontent-fra3-1.cdninstagram.com\/o1\/v\/t2\/f2\/m367\/AQPtsWsiNveCaZ_dsNkAt6PBaZ4AwhckkkaYzPhGd8ocoxeOA7JP7cxJVcH-HkuiDWoaGTqOs4S3rIxGX3TUkjdTLMM32Nc-UN3TTkM.mp4?_nc_cat=108&#038;_nc_sid=5e9851&#038;_nc_ht=scontent-fra3-1.cdninstagram.com&#038;_nc_ohc=aYSKC14Xd-oQ7kNvwGEOUZ3&#038;efg=eyJ2ZW5jb2RlX3RhZyI6Inhwdl9wcm9ncmVzc2l2ZS5JTlNUQUdSQU0uQ0FST1VTRUxfSVRFTS5DMy40ODAuZGFzaF9iYXNlbGluZV8xX3YxIiwieHB2X2Fzc2V0X2lkIjoxNzk1Mzg3NDkzMTA3OTg4MCwiYXNzZXRfYWdlX2RheXMiOjE5MiwidmlfdXNlY2FzZV9pZCI6MTAxNDYsImR1cmF0aW9uX3MiOjIyLCJ1cmxnZW5fc291cmNlIjoid3d3In0%3D&#038;ccb=17-1&#038;vs=a259b6ec29df2387&#038;_nc_vs=HBkcFQIYQGlnX2VwaGVtZXJhbC8wNDRENkM1REZCMEYzQTU4NTVFMDBEM0NDNzVFOTBBRV92aWRlb19kYXNoaW5pdC5tcDQVAALIARIAKAAYABsCiAd1c2Vfb2lsATEScHJvZ3Jlc3NpdmVfcmVjaXBlATEVAAAmkOvemYi95D8VAigCQzMsF0A2Um6XjU_fGBJkYXNoX2Jhc2VsaW5lXzFfdjERAHXuB2XEngEA&#038;_nc_gid=uK57epsa_bu5sgeJQjxhUA&#038;edm=ANo9K5cEAAAA&#038;_nc_zt=28&#038;_nc_tpa=Q5bMBQJrTfgP1xo0o6KChNN2uF0fvNXX5tckAqUFjZ53c8ofr58CVtit4L8ADszlNpFBKyC2SzOkCtGJ&#038;oh=00_AQKxrJpeN7FVHzJnPkqWQS_x1isaGoMEOf3y1IJAB7uOxw&#038;oe=6A9C5661\" type=\"video\/mp4\"\/><\/video><\/div><div class=\"swiper-slide wpz-insta-album-image\" data-media-type=\"video\"><video controls muted preload=\"none\"><source src=\"https:\/\/scontent-fra3-1.cdninstagram.com\/o1\/v\/t2\/f2\/m367\/AQOScc52qwRgI1pzSwnQ0ysvchdKZ5FZQQjUUejmrmxRZzQJ5BrjKG4th9eMbVsC2Lg8jOOVp47gztnMfNQh2diFJEThEjq1de5Y7OE.mp4?_nc_cat=101&#038;_nc_sid=5e9851&#038;_nc_ht=scontent-fra3-1.cdninstagram.com&#038;_nc_ohc=YOezBr3dLb8Q7kNvwFsOJdT&#038;efg=eyJ2ZW5jb2RlX3RhZyI6Inhwdl9wcm9ncmVzc2l2ZS5JTlNUQUdSQU0uQ0FST1VTRUxfSVRFTS5DMy40ODAuZGFzaF9iYXNlbGluZV8xX3YxIiwieHB2X2Fzc2V0X2lkIjoxNzk1Mzg3NDk4MjA3OTg4MCwiYXNzZXRfYWdlX2RheXMiOjE5MiwidmlfdXNlY2FzZV9pZCI6MTAxNDYsImR1cmF0aW9uX3MiOjEzLCJ1cmxnZW5fc291cmNlIjoid3d3In0%3D&#038;ccb=17-1&#038;vs=a3a097973b202fe6&#038;_nc_vs=HBkcFQIYQGlnX2VwaGVtZXJhbC9DRjQyNTlEMTNEMkQwRkMxMzJEMjlDMTM5NDc5N0M5NV92aWRlb19kYXNoaW5pdC5tcDQVAALIARIAKAAYABsCiAd1c2Vfb2lsATEScHJvZ3Jlc3NpdmVfcmVjaXBlATEVAAAmkLawyoi95D8VAigCQzMsF0AqOFHrhR64GBJkYXNoX2Jhc2VsaW5lXzFfdjERAHXuB2XEngEA&#038;_nc_gid=uK57epsa_bu5sgeJQjxhUA&#038;edm=ANo9K5cEAAAA&#038;_nc_zt=28&#038;_nc_tpa=Q5bMBQIntUN0l1pS5VsKJq5bIR4AdatPKOrObyYy8Jon3EIEb_bRtFxck_wkz942YHHf3tttMYD6uwj9&#038;oh=00_AQLKq3NfXV0b9R23P05r4lhzGOSk-ZjFEjrfQUWdEs3uZA&#038;oe=6A9C4F92\" type=\"video\/mp4\"\/><\/video><\/div><\/div><div class=\"swiper-pagination\"><\/div><div class=\"swiper-button-prev\"><\/div><div class=\"swiper-button-next\"><\/div><\/div><\/div>\n\t\t\t\t\t<div class=\"details-wrapper\">\n\t\t\t\t\t<div class=\"wpz-insta-header\">\n\t\t\t\t\t\t<div class=\"wpz-insta-avatar\">\n\t\t\t\t\t\t\t<img loading=\"lazy\" decoding=\"async\" src=\"https:\/\/www.kbv-middels.de\/WordPress\/wp-content\/uploads\/2023\/10\/387266684_341330328540150_6646291519891865113_n-1-150x150.jpg\" alt=\"@kbv_middels\" width=\"42\" height=\"42\"\/>\n\t\t\t\t\t\t<\/div>\n\t\t\t\t\t\t<div class=\"wpz-insta-buttons\">\n\t\t\t\t\t\t\t<div class=\"wpz-insta-username\">\n\t\t\t\t\t\t\t\t<a rel=\"noopener\" target=\"_blank\" href=\"https:\/\/instagram.com\/kbv_middels\">@kbv_middels<\/a>\n\t\t\t\t\t\t\t<\/div>\n\t\t\t\t\t\t\t<div>&bull;<\/div>\n\t\t\t\t\t\t\t<div class=\"wpz-insta-follow\">\n\t\t\t\t\t\t\t\t<a target=\"_blank\" rel=\"noopener\"\n\t\t\t\t\t\t\t\thref=\"https:\/\/instagram.com\/kbv_middels?ref=badge\">\n\t\t\t\t\t\t\t\t\tFollow\n\t\t\t\t\t\t\t\t<\/a>\n\t\t\t\t\t\t\t<\/div>\n\t\t\t\t\t\t<\/div>\n\t\t\t\t\t<\/div><div class=\"wpz-insta-caption\">Update zur 10.-14. Wettkampfwoche \ud83d\udce2\n- M\u00e4nnerbereich -\n\nNach dem uns das Wetter einen Knick in den Spielplan gemacht hat, sind die meisten Gruppen wieder auf Stand... \n\nF\u00fcr die MI Truppe gab&#039;s leider nur 3 Pluspunkte zu verzeichnen. In Willen (-13 Wurf) gaben die Gastgeber unseren M\u00e4nnern keine Chance, w\u00e4hrend die anderen Begegnungen eher knapp ausfielen. Lediglich in Victorbur konnten sie nochmal wichtige Ausw\u00e4rtspunkte einfahren und gewannen dort mit 8 Wurf. Bisher platzieren sie sich im gesunden Mittelfeld auf dem 5. Platz.\n\nMII hat die letzten Wochen seine Hausaufgaben gemacht. Solide Heimpunkte gegen Bentstreek (+8 Wurf) und Rechtsupweg (+7) wurden erarbeitet. In Wiesedermeer und Fulkum sollte es jedoch keine Punkte geben. Ein Nachholwettkampf steht noch aus, somit kommt erstmal der 7. Tabellenplatz zustande.\n\nMIV hat ordentlich Gas gegeben und lediglich gegen Leegmoor Federn gelassen. Die restlichen Punkte wurden einget\u00fctet und verhelfen zu einem aktuell 2. Platz \ud83e\uddbe\n\nDie Herren der MV hielten die letzten Wochen die Waage. \n1x verloren, 1x unentschieden und 1x gewonnen - somit stehen sie hier erstmal auf dem 6. Platz. \n\nIn der Jugendabteilung stehen noch einige Nachholwettk\u00e4mpfe aus...\nDie m\u00e4nnl. Jgd. C hat sich hier bisher auf den 2. Platz vorgearbeitet \ud83d\udc4c\ud83c\udffcund bei unserer m\u00e4nnl. B Jgd. sind wir sehr gespannt aufs kommende Wochenende...\n\ud83d\udc49\ud83c\udffc gibt&#039;s hier vllt. die erste Meisterfeier? \ud83e\udd73\ud83d\ude4a\ud83d\udc40\n\nLangsam geht&#039;s somit auf die Zielgerade \ud83e\udd72\n\n#kbvmiddels #endspurt #saisoistzukurz #bo\u00dfelnistmeinsport<\/div><div class=\"wpz-insta-date\">6\u00a0Monaten ago<\/div><div class=\"view-post\">\n\t\t\t\t\t<a href=\"https:\/\/www.instagram.com\/p\/DU-vGohjUR1\/\" target=\"_blank\" rel=\"noopener\"><span class=\"dashicons dashicons-instagram\"><\/span>View on Instagram<\/a>\n\t\t\t\t\t<span class=\"delimiter\">|<\/span>\n\t\t\t\t\t<div class=\"wpz-insta-pagination\">20\/20<\/div>\n\t\t\t\t\t<\/div><\/div><\/div><\/div><\/div><div class=\"swiper-button-prev\"><\/div><div class=\"swiper-button-next\"><\/div><\/div><\/div><\/div>\n<style type=\"text\/css\">.zoom-instagram.feed-12086{font-size:14px!important;background-color:#f7f7f7!important;padding:1px!important;}.zoom-instagram.feed-12086 .zoom-instagram-widget__items{display:grid!important;grid-template-columns:repeat(4,1fr);}.zoom-instagram.feed-12086 .zoom-instagram-widget__items{gap:10px!important;}.zoom-instagram.feed-12086 .wpz-insta-view-on-insta-button{background-color:#ff0000!important;}<\/style>\n\n\n\n<div class=\"wp-block-buttons is-content-justification-center is-layout-flex wp-container-core-buttons-is-layout-fe48e5de wp-block-buttons-is-layout-flex\">\n<div class=\"wp-block-button has-custom-width wp-block-button__width-75\"><a class=\"wp-block-button__link has-cool-to-warm-spectrum-gradient-background has-background wp-element-button\" href=\"https:\/\/www.instagram.com\/kbv_middels\/?igshid=MzRlODBiNWFlZA%3D%3D\" target=\"_blank\" rel=\"noreferrer noopener\">KBV Middels Instagram <\/a><\/div>\n<\/div>\n","protected":false},"excerpt":{"rendered":"<p>Wir weisen darauf hin, dass die Inhalte von Instagram\u00a0 leicht zeitversetzt auf dieser Website erscheinen.<\/p>\n","protected":false},"author":1,"featured_media":12068,"comment_status":"closed","ping_status":"closed","sticky":false,"template":"","format":"standard","meta":{"_themeisle_gutenberg_block_has_review":false,"footnotes":""},"categories":[196],"tags":[],"class_list":["post-12087","post","type-post","status-publish","format-standard","has-post-thumbnail","hentry","category-dit-dat-2023"],"publishpress_future_action":{"enabled":false,"date":"2026-09-08 10:58:11","action":"change-status","newStatus":"draft","terms":[],"taxonomy":"category","extraData":[]},"publishpress_future_workflow_manual_trigger":{"enabledWorkflows":[]},"_links":{"self":[{"href":"https:\/\/www.kbv-middels.de\/WordPress\/wp-json\/wp\/v2\/posts\/12087","targetHints":{"allow":["GET"]}}],"collection":[{"href":"https:\/\/www.kbv-middels.de\/WordPress\/wp-json\/wp\/v2\/posts"}],"about":[{"href":"https:\/\/www.kbv-middels.de\/WordPress\/wp-json\/wp\/v2\/types\/post"}],"author":[{"embeddable":true,"href":"https:\/\/www.kbv-middels.de\/WordPress\/wp-json\/wp\/v2\/users\/1"}],"replies":[{"embeddable":true,"href":"https:\/\/www.kbv-middels.de\/WordPress\/wp-json\/wp\/v2\/comments?post=12087"}],"version-history":[{"count":17,"href":"https:\/\/www.kbv-middels.de\/WordPress\/wp-json\/wp\/v2\/posts\/12087\/revisions"}],"predecessor-version":[{"id":12157,"href":"https:\/\/www.kbv-middels.de\/WordPress\/wp-json\/wp\/v2\/posts\/12087\/revisions\/12157"}],"wp:featuredmedia":[{"embeddable":true,"href":"https:\/\/www.kbv-middels.de\/WordPress\/wp-json\/wp\/v2\/media\/12068"}],"wp:attachment":[{"href":"https:\/\/www.kbv-middels.de\/WordPress\/wp-json\/wp\/v2\/media?parent=12087"}],"wp:term":[{"taxonomy":"category","embeddable":true,"href":"https:\/\/www.kbv-middels.de\/WordPress\/wp-json\/wp\/v2\/categories?post=12087"},{"taxonomy":"post_tag","embeddable":true,"href":"https:\/\/www.kbv-middels.de\/WordPress\/wp-json\/wp\/v2\/tags?post=12087"}],"curies":[{"name":"wp","href":"https:\/\/api.w.org\/{rel}","templated":true}]}}